{"id":1055,"date":"2013-03-27T09:56:26","date_gmt":"2013-03-27T08:56:26","guid":{"rendered":"http:\/\/aaccea-photo.org\/WP3\/?p=1055"},"modified":"2013-04-19T10:14:36","modified_gmt":"2013-04-19T08:14:36","slug":"reportage_2013_cross-interlabo","status":"publish","type":"post","link":"http:\/\/aaccea-photo.org\/WP3\/reportage_2013_cross-interlabo\/","title":{"rendered":"[Reportage] Cross Interlabos 2013"},"content":{"rendered":"<h2>Le reportage<\/h2>\n<p>Le traditionnel Cross Interlabos sera organis\u00e9 par la section Course \u00e0 Pied le jeudi 11 avril 2013 (\u00e0 12h30) au Bois de la T\u00eate Ronde \u00e0 Viliers le B\u00e2cle.<br \/>\nComme l&rsquo;ann\u00e9e derni\u00e8re, nous faisons appel \u00e0 votre sens artistique pour pr\u00e9senter les coureurs, l\u2019ambiance, et les b\u00e9n\u00e9voles sous leurs plus beaux jours &#8230;.<br \/>\n<a href=\"http:\/\/aaccea-photo.org\/WP3\/wp-content\/uploads\/2013\/03\/AfficheBoisTeteRonde2013.pdf\"><img loading=\"lazy\" decoding=\"async\" class=\"size-full wp-image-1059\" alt=\"300_AfficheBoisTeteRonde2013\" src=\"http:\/\/aaccea-photo.org\/WP3\/wp-content\/uploads\/2013\/03\/300_AfficheBoisTeteRonde2013.jpg\" width=\"212\" height=\"300\" \/><\/a><\/p>\n<p><a href=\"http:\/\/aaccea-photo.org\/WP3\/wp-content\/uploads\/2013\/03\/PlanBoisTeteRonde2013.pdf\">PlanBoisTeteRonde2013<\/a><\/p>\n<h2>Voir la galerie 2013<\/h2>\n<p><a href=\"http:\/\/www.aaccea-photo.org\/Galeries\/2013_cross_interlabo\/index.html\" target=\"_blank\">Voir les photos de R\u00e9gis<\/a><\/p>\n<h2>Contact<\/h2>\n<p>Merci de contacter <a href=\"mailto:Regis.COURBEYRETTE@cea.fr?subject=[Cross_InterLAbo]\" target=\"_blank\">Sigrid LAROUBINE<\/a> pour l&rsquo;inscription au reportage.<\/p>\n","protected":false},"excerpt":{"rendered":"<p>Le reportage Le traditionnel Cross Interlabos sera organis\u00e9 par la section Course \u00e0 Pied le jeudi 11 avril 2013 (\u00e0 12h30) au Bois de la T\u00eate Ronde \u00e0 Viliers le B\u00e2cle. Comme l&rsquo;ann\u00e9e derni\u00e8re, nous faisons appel \u00e0 votre sens artistique pour pr\u00e9senter les coureurs, l\u2019ambiance, et les b\u00e9n\u00e9voles sous leurs plus beaux jours &#8230;.&hellip;<\/p>\n","protected":false},"author":4,"featured_media":0,"comment_status":"closed","ping_status":"closed","sticky":false,"template":"","format":"standard","meta":{"footnotes":""},"categories":[9],"tags":[],"_links":{"self":[{"href":"http:\/\/aaccea-photo.org\/WP3\/wp-json\/wp\/v2\/posts\/1055"}],"collection":[{"href":"http:\/\/aaccea-photo.org\/WP3\/wp-json\/wp\/v2\/posts"}],"about":[{"href":"http:\/\/aaccea-photo.org\/WP3\/wp-json\/wp\/v2\/types\/post"}],"author":[{"embeddable":true,"href":"http:\/\/aaccea-photo.org\/WP3\/wp-json\/wp\/v2\/users\/4"}],"replies":[{"embeddable":true,"href":"http:\/\/aaccea-photo.org\/WP3\/wp-json\/wp\/v2\/comments?post=1055"}],"version-history":[{"count":13,"href":"http:\/\/aaccea-photo.org\/WP3\/wp-json\/wp\/v2\/posts\/1055\/revisions"}],"predecessor-version":[{"id":1085,"href":"http:\/\/aaccea-photo.org\/WP3\/wp-json\/wp\/v2\/posts\/1055\/revisions\/1085"}],"wp:attachment":[{"href":"http:\/\/aaccea-photo.org\/WP3\/wp-json\/wp\/v2\/media?parent=1055"}],"wp:term":[{"taxonomy":"category","embeddable":true,"href":"http:\/\/aaccea-photo.org\/WP3\/wp-json\/wp\/v2\/categories?post=1055"},{"taxonomy":"post_tag","embeddable":true,"href":"http:\/\/aaccea-photo.org\/WP3\/wp-json\/wp\/v2\/tags?post=1055"}],"curies":[{"name":"wp","href":"https:\/\/api.w.org\/{rel}","templated":true}]}}