{"id":1767,"date":"2016-01-18T11:33:08","date_gmt":"2016-01-18T10:33:08","guid":{"rendered":"http:\/\/aaccea-photo.org\/WP3\/?p=1767"},"modified":"2017-08-09T11:00:21","modified_gmt":"2017-08-09T09:00:21","slug":"saclay-vision","status":"publish","type":"post","link":"http:\/\/aaccea-photo.org\/WP3\/saclay-vision\/","title":{"rendered":"[Exposition] Saclay Vision"},"content":{"rendered":"<p><img loading=\"lazy\" decoding=\"async\" class=\"aligncenter\" src=\"http:\/\/saclay-visions.fr\/wp-content\/uploads\/2015\/12\/SACLAY-VISIONS-Invitation_generale_Expo_2016_photo_only.jpg\" alt=\"\" width=\"595\" height=\"394\" \/><\/p>\n<h3 style=\"text-align: center;\">Les Photo-Clubs SACLAY-VISIONS &amp; AAC-CEA ont le plaisir de vous inviter \u00e0 visiter l\u2019exposition photographique des Clubs du Comit\u00e9 D\u00e9partemental de l\u2019Essonne.<\/h3>\n<h3 style=\"text-align: center;\">Salle Lino Ventura \u00e0 Saclay (bourg)<\/h3>\n<h3 style=\"text-align: center;\"><strong>Th\u00e8mes :<\/strong> reflets (Couleurs), Courbes (N&amp;B)<\/h3>\n<h3 style=\"text-align: center;\">Exposition ouverte de 14h \u00e0 18h<br \/>\nsamedi 6 et dimanche 7 f\u00e9vrier 2016<br \/>\nsamedi 13 et dimanche 14 f\u00e9vrier 2016<\/h3>\n","protected":false},"excerpt":{"rendered":"<p>Les Photo-Clubs SACLAY-VISIONS &amp; AAC-CEA ont le plaisir de vous inviter \u00e0 visiter l\u2019exposition photographique des Clubs du Comit\u00e9 D\u00e9partemental de l\u2019Essonne. Salle Lino Ventura \u00e0 Saclay (bourg) Th\u00e8mes : reflets (Couleurs), Courbes (N&amp;B) Exposition ouverte de 14h \u00e0 18h samedi 6 et dimanche 7 f\u00e9vrier 2016 samedi 13 et dimanche 14 f\u00e9vrier 2016<\/p>\n","protected":false},"author":6,"featured_media":0,"comment_status":"closed","ping_status":"closed","sticky":false,"template":"","format":"standard","meta":{"footnotes":""},"categories":[18],"tags":[],"_links":{"self":[{"href":"http:\/\/aaccea-photo.org\/WP3\/wp-json\/wp\/v2\/posts\/1767"}],"collection":[{"href":"http:\/\/aaccea-photo.org\/WP3\/wp-json\/wp\/v2\/posts"}],"about":[{"href":"http:\/\/aaccea-photo.org\/WP3\/wp-json\/wp\/v2\/types\/post"}],"author":[{"embeddable":true,"href":"http:\/\/aaccea-photo.org\/WP3\/wp-json\/wp\/v2\/users\/6"}],"replies":[{"embeddable":true,"href":"http:\/\/aaccea-photo.org\/WP3\/wp-json\/wp\/v2\/comments?post=1767"}],"version-history":[{"count":4,"href":"http:\/\/aaccea-photo.org\/WP3\/wp-json\/wp\/v2\/posts\/1767\/revisions"}],"predecessor-version":[{"id":1772,"href":"http:\/\/aaccea-photo.org\/WP3\/wp-json\/wp\/v2\/posts\/1767\/revisions\/1772"}],"wp:attachment":[{"href":"http:\/\/aaccea-photo.org\/WP3\/wp-json\/wp\/v2\/media?parent=1767"}],"wp:term":[{"taxonomy":"category","embeddable":true,"href":"http:\/\/aaccea-photo.org\/WP3\/wp-json\/wp\/v2\/categories?post=1767"},{"taxonomy":"post_tag","embeddable":true,"href":"http:\/\/aaccea-photo.org\/WP3\/wp-json\/wp\/v2\/tags?post=1767"}],"curies":[{"name":"wp","href":"https:\/\/api.w.org\/{rel}","templated":true}]}}