{"id":1814,"date":"2016-05-02T12:21:21","date_gmt":"2016-05-02T10:21:21","guid":{"rendered":"http:\/\/aaccea-photo.org\/WP3\/?p=1814"},"modified":"2016-05-02T14:44:50","modified_gmt":"2016-05-02T12:44:50","slug":"expositionrencontre-des-aigliers-du-mont-altai","status":"publish","type":"post","link":"http:\/\/aaccea-photo.org\/WP3\/expositionrencontre-des-aigliers-du-mont-altai\/","title":{"rendered":"[Exposition]Rencontre des Aigliers du Mont Alta\u00ef"},"content":{"rendered":"<h2 style=\"text-align: center;\"><span style=\"text-decoration: underline;\"><strong>Du 09 au 13 Mai 2016<\/strong><\/span><\/h2>\n<h2 style=\"text-align: center;\"><a href=\"http:\/\/aaccea-photo.org\/WP3\/wp-content\/uploads\/2016\/03\/AfficheExpoSigrid.jpg\"><img loading=\"lazy\" decoding=\"async\" class=\"alignleft wp-image-1879\" src=\"http:\/\/aaccea-photo.org\/WP3\/wp-content\/uploads\/2016\/03\/AfficheExpoSigrid.jpg\" alt=\"AfficheExpoSigrid\" width=\"232\" height=\"328\" srcset=\"http:\/\/aaccea-photo.org\/WP3\/wp-content\/uploads\/2016\/03\/AfficheExpoSigrid.jpg 2480w, http:\/\/aaccea-photo.org\/WP3\/wp-content\/uploads\/2016\/03\/AfficheExpoSigrid-212x300.jpg 212w, http:\/\/aaccea-photo.org\/WP3\/wp-content\/uploads\/2016\/03\/AfficheExpoSigrid-768x1086.jpg 768w, http:\/\/aaccea-photo.org\/WP3\/wp-content\/uploads\/2016\/03\/AfficheExpoSigrid-724x1024.jpg 724w\" sizes=\"(max-width: 232px) 100vw, 232px\" \/><\/a>Sigrid Laroubine exposera ses photos avec l&rsquo;aimable participation de <a href=\"http:\/\/www.marcello-art.com\/fr\/index.php?lang=fr\" target=\"_blank\">Marcello Pettineo<\/a> (pour les dessins).<\/h2>\n<p style=\"text-align: center;\"><strong><span style=\"text-decoration: underline;\">Lieux :<\/span> <\/strong>B\u00e2timent 471 Salle d&rsquo;exposition dans le halle<\/p>\n<p style=\"text-align: center;\">Acc\u00e8s libre de 12h-13h30.<\/p>\n<p style=\"text-align: center;\">Finissage le jeudi 12 mai \u00e0 partir de 17h30.<\/p>\n<p>&nbsp;<\/p>\n","protected":false},"excerpt":{"rendered":"<p>Du 09 au 13 Mai 2016 Sigrid Laroubine exposera ses photos avec l&rsquo;aimable participation de Marcello Pettineo (pour les dessins). Lieux : B\u00e2timent 471 Salle d&rsquo;exposition dans le halle Acc\u00e8s libre de 12h-13h30. Finissage le jeudi 12 mai \u00e0 partir de 17h30. &nbsp;<\/p>\n","protected":false},"author":6,"featured_media":0,"comment_status":"open","ping_status":"open","sticky":false,"template":"","format":"standard","meta":{"footnotes":""},"categories":[18],"tags":[],"_links":{"self":[{"href":"http:\/\/aaccea-photo.org\/WP3\/wp-json\/wp\/v2\/posts\/1814"}],"collection":[{"href":"http:\/\/aaccea-photo.org\/WP3\/wp-json\/wp\/v2\/posts"}],"about":[{"href":"http:\/\/aaccea-photo.org\/WP3\/wp-json\/wp\/v2\/types\/post"}],"author":[{"embeddable":true,"href":"http:\/\/aaccea-photo.org\/WP3\/wp-json\/wp\/v2\/users\/6"}],"replies":[{"embeddable":true,"href":"http:\/\/aaccea-photo.org\/WP3\/wp-json\/wp\/v2\/comments?post=1814"}],"version-history":[{"count":8,"href":"http:\/\/aaccea-photo.org\/WP3\/wp-json\/wp\/v2\/posts\/1814\/revisions"}],"predecessor-version":[{"id":1934,"href":"http:\/\/aaccea-photo.org\/WP3\/wp-json\/wp\/v2\/posts\/1814\/revisions\/1934"}],"wp:attachment":[{"href":"http:\/\/aaccea-photo.org\/WP3\/wp-json\/wp\/v2\/media?parent=1814"}],"wp:term":[{"taxonomy":"category","embeddable":true,"href":"http:\/\/aaccea-photo.org\/WP3\/wp-json\/wp\/v2\/categories?post=1814"},{"taxonomy":"post_tag","embeddable":true,"href":"http:\/\/aaccea-photo.org\/WP3\/wp-json\/wp\/v2\/tags?post=1814"}],"curies":[{"name":"wp","href":"https:\/\/api.w.org\/{rel}","templated":true}]}}