{"id":930,"date":"2013-01-15T20:06:11","date_gmt":"2013-01-15T19:06:11","guid":{"rendered":"http:\/\/aaccea-photo.org\/WP3\/?p=930"},"modified":"2013-02-26T09:25:26","modified_gmt":"2013-02-26T08:25:26","slug":"exposition_sv","status":"publish","type":"post","link":"http:\/\/aaccea-photo.org\/WP3\/exposition_sv\/","title":{"rendered":"[Exposition] Exposition Saclay-Vision"},"content":{"rendered":"<h2>L&rsquo;exposition<\/h2>\n<p>L&rsquo;exposition photo <a href=\"http:\/\/saclayvisions.free.fr\/\" target=\"_blank\"> \u00ab\u00a0SaclayVisions\u00a0\u00bb<\/a> se tiendra sur deux week-end les 2-3 et 9-10 f\u00e9vrier 2013.<\/p>\n<p><a href=\"http:\/\/aaccea-photo.org\/WP3\/wp-content\/uploads\/2013\/01\/ExpositionSV_affiche-2013.jpg\"><img loading=\"lazy\" decoding=\"async\" class=\"aligncenter size-medium wp-image-943\" alt=\"ExpositionSV_affiche 2013\" src=\"http:\/\/aaccea-photo.org\/WP3\/wp-content\/uploads\/2013\/01\/ExpositionSV_affiche-2013-212x300.jpg\" width=\"212\" height=\"300\" srcset=\"http:\/\/aaccea-photo.org\/WP3\/wp-content\/uploads\/2013\/01\/ExpositionSV_affiche-2013-212x300.jpg 212w, http:\/\/aaccea-photo.org\/WP3\/wp-content\/uploads\/2013\/01\/ExpositionSV_affiche-2013-724x1024.jpg 724w\" sizes=\"(max-width: 212px) 100vw, 212px\" \/><\/a><br \/>\nLes Photographes de l&rsquo;AAC-CEA sont cordialement invit\u00e9s \u00e0 exposer une quarantaine de photos.<br \/>\nIl n&rsquo;y a pas de th\u00e8me particulier.<br \/>\nLe nombre de photos par photographe est de 5.<br \/>\nLes dates \u00e9tant proches, merci de nous <a href=\"mailto:permanents@aaccea-photo.org\">contacter<\/a> rapidement, afin que les mises sous cadres soient pr\u00eates pour la fin janvier.<\/p>\n<h2>Les membres de la section qui y participent<\/h2>\n<ul>\n<li>Annie Le Blanc (Bretagne)<\/li>\n<li>Audrey Lilin (Bretagne)<\/li>\n<li>Alain Perolat (cerf-volant)<\/li>\n<li>R\u00e9gis Courbeyrette (aviation)<\/li>\n<li>Alexandre Aminot (macro hyperfocal)<\/li>\n<li>Michel Carrier (proc\u00e9d\u00e9 ancien)<\/li>\n<li>Armand Puccetti (Portes)<\/li>\n<\/ul>\n","protected":false},"excerpt":{"rendered":"<p>L&rsquo;exposition L&rsquo;exposition photo \u00ab\u00a0SaclayVisions\u00a0\u00bb se tiendra sur deux week-end les 2-3 et 9-10 f\u00e9vrier 2013. Les Photographes de l&rsquo;AAC-CEA sont cordialement invit\u00e9s \u00e0 exposer une quarantaine de photos. Il n&rsquo;y a pas de th\u00e8me particulier. Le nombre de photos par photographe est de 5. Les dates \u00e9tant proches, merci de nous contacter rapidement, afin que&hellip;<\/p>\n","protected":false},"author":4,"featured_media":0,"comment_status":"closed","ping_status":"closed","sticky":false,"template":"","format":"standard","meta":{"footnotes":""},"categories":[18,1],"tags":[],"_links":{"self":[{"href":"http:\/\/aaccea-photo.org\/WP3\/wp-json\/wp\/v2\/posts\/930"}],"collection":[{"href":"http:\/\/aaccea-photo.org\/WP3\/wp-json\/wp\/v2\/posts"}],"about":[{"href":"http:\/\/aaccea-photo.org\/WP3\/wp-json\/wp\/v2\/types\/post"}],"author":[{"embeddable":true,"href":"http:\/\/aaccea-photo.org\/WP3\/wp-json\/wp\/v2\/users\/4"}],"replies":[{"embeddable":true,"href":"http:\/\/aaccea-photo.org\/WP3\/wp-json\/wp\/v2\/comments?post=930"}],"version-history":[{"count":16,"href":"http:\/\/aaccea-photo.org\/WP3\/wp-json\/wp\/v2\/posts\/930\/revisions"}],"predecessor-version":[{"id":1034,"href":"http:\/\/aaccea-photo.org\/WP3\/wp-json\/wp\/v2\/posts\/930\/revisions\/1034"}],"wp:attachment":[{"href":"http:\/\/aaccea-photo.org\/WP3\/wp-json\/wp\/v2\/media?parent=930"}],"wp:term":[{"taxonomy":"category","embeddable":true,"href":"http:\/\/aaccea-photo.org\/WP3\/wp-json\/wp\/v2\/categories?post=930"},{"taxonomy":"post_tag","embeddable":true,"href":"http:\/\/aaccea-photo.org\/WP3\/wp-json\/wp\/v2\/tags?post=930"}],"curies":[{"name":"wp","href":"https:\/\/api.w.org\/{rel}","templated":true}]}}