{"id":1000,"date":"2013-02-24T11:50:56","date_gmt":"2013-02-24T10:50:56","guid":{"rendered":"http:\/\/aaccea-photo.org\/WP3\/?p=1000"},"modified":"2013-08-01T09:42:52","modified_gmt":"2013-08-01T07:42:52","slug":"2013_sortie_havre","status":"publish","type":"post","link":"https:\/\/aaccea-photo.org\/WP3\/2013_sortie_havre\/","title":{"rendered":"[Sortie] Le Havre"},"content":{"rendered":"<h2>La sortie<\/h2>\n<p>Dans le cadre du reportage photo sur le l\u2019architecture Perret du Restaurant 1 qui est en r\u00e9novation sur le centre, l\u2019AACCEA-Photo organise une sortie photo au Havre car son Centre-ville est l&rsquo;\u0153uvre de l&rsquo;architecte Auguste Perret qui se vit confier par le Minist\u00e8re de la Reconstruction et de l&rsquo;Urbanisme, la r\u00e9\u00e9dification de la ville du Havre apr\u00e8s sa destruction \u00e0 la fin de la Seconde Guerre mondiale.<br \/>\n<img loading=\"lazy\" decoding=\"async\" class=\"alignright size-full wp-image-1001\" alt=\"Havre-1\" src=\"http:\/\/aaccea-photo.org\/WP3\/wp-content\/uploads\/2013\/02\/Havre-1.jpg\" width=\"363\" height=\"244\" srcset=\"https:\/\/aaccea-photo.org\/WP3\/wp-content\/uploads\/2013\/02\/Havre-1.jpg 363w, https:\/\/aaccea-photo.org\/WP3\/wp-content\/uploads\/2013\/02\/Havre-1-300x201.jpg 300w\" sizes=\"(max-width: 363px) 100vw, 363px\" \/><br \/>\nCette sortie sera donc l\u2019occasion de photographier l\u2019architecture Perret du centre-ville mais pas seulement puisque l\u2019on ira \u00e9galement se promener vers les docks du grand port maritime, mais aussi le pont de Normandie qui est juste \u00e0 c\u00f4t\u00e9 et sans oublier la plage pour les moins frileux.<br \/>\n<img loading=\"lazy\" decoding=\"async\" class=\"alignleft size-full wp-image-1002\" alt=\"Havre-2\" src=\"http:\/\/aaccea-photo.org\/WP3\/wp-content\/uploads\/2013\/02\/Havre-2.jpg\" width=\"216\" height=\"155\" \/><\/p>\n<p>&nbsp;<\/p>\n<p>&nbsp;<\/p>\n<p>Cela sera aussi l\u2019occasion le samedi soir de r\u00e9aliser des photos de nuit dans la ville et au pont de Normandie.<br \/>\n<img loading=\"lazy\" decoding=\"async\" class=\"alignright size-full wp-image-1003\" alt=\"Havre-3\" src=\"http:\/\/aaccea-photo.org\/WP3\/wp-content\/uploads\/2013\/02\/Havre-3.jpg\" width=\"263\" height=\"176\" \/><\/p>\n<h2>Les infos<\/h2>\n<p><span style=\"text-decoration: underline;\"><strong>Date :<\/strong><\/span> Du samedi 20 au dimanche 21 avril 2013<br \/>\n<span style=\"text-decoration: underline;\"><strong>Trajet<\/strong> <\/span>: Saclay -&gt; Le Havre environ 2h<br \/>\nUn co-voiturage sera organis\u00e9 au d\u00e9part de Saclay bourg, avec un d\u00e9part vers 8h le samedi et retour vers 17h le dimanche.<br \/>\n<img loading=\"lazy\" decoding=\"async\" class=\"size-thumbnail wp-image-1004 alignleft\" alt=\"Havre-4\" src=\"http:\/\/aaccea-photo.org\/WP3\/wp-content\/uploads\/2013\/02\/Havre-4.jpg\" width=\"82\" height=\"95\" \/><br \/>\n<span style=\"text-decoration: underline;\"><strong>Logement :<\/strong><\/span> <a href=\"http:\/\/www.hotellerichelieu.fr\/\" target=\"_blank\">Hotel Le Richelieu <\/a>en plein centre-ville, juste \u00e0 c\u00f4t\u00e9 du quartier d\u2019architecture Perret.<br \/>\nEntre 50-60\u20ac la nuit, 8\u20ac le petit d\u00e9jeuner.<br \/>\nL\u2019inscription est obligatoire pour cette sortie afin de r\u00e9server les chambres d\u2019h\u00f4tel et d\u2019organiser le co-voiturage. La <span style=\"color: #ff0000;\">date limite des inscriptions est\u00a0lundi 18 mars 2013.<\/span><br \/>\n<a href=\"mailto:regis.courbeyrette@cea.fr\">Merci de r\u00e9pondre \u00e0 cette adresse pour vous pr\u00e9inscrire<\/a><\/p>\n<h2>Les inscrits<\/h2>\n<ul>\n<li>R\u00e9gis COURBEYRETTE (voiture 3-4 places libre)<\/li>\n<li>St\u00e9phanie GASC (voiture 3 places disponible)<\/li>\n<li>Benoist MUZEAU<\/li>\n<li>Sigrid LAROUBINE<\/li>\n<li>Suresh PAJANIRADJA<\/li>\n<\/ul>\n<h2>Les photos<\/h2>\n<p><a href=\"http:\/\/www.aaccea-photo.org\/Galeries\/2013_Le_Havre\/index.html\" target=\"_blank\">Voir les photos<\/a><\/p>\n","protected":false},"excerpt":{"rendered":"<p>La sortie Dans le cadre du reportage photo sur le l\u2019architecture Perret du Restaurant 1 qui est en r\u00e9novation sur le centre, l\u2019AACCEA-Photo organise une sortie photo au Havre car son Centre-ville est l&rsquo;\u0153uvre de l&rsquo;architecte Auguste Perret qui se vit confier par le Minist\u00e8re de la Reconstruction et de l&rsquo;Urbanisme, la r\u00e9\u00e9dification de la&hellip;<\/p>\n","protected":false},"author":4,"featured_media":0,"comment_status":"closed","ping_status":"closed","sticky":false,"template":"","format":"standard","meta":{"footnotes":""},"categories":[11],"tags":[],"_links":{"self":[{"href":"https:\/\/aaccea-photo.org\/WP3\/wp-json\/wp\/v2\/posts\/1000"}],"collection":[{"href":"https:\/\/aaccea-photo.org\/WP3\/wp-json\/wp\/v2\/posts"}],"about":[{"href":"https:\/\/aaccea-photo.org\/WP3\/wp-json\/wp\/v2\/types\/post"}],"author":[{"embeddable":true,"href":"https:\/\/aaccea-photo.org\/WP3\/wp-json\/wp\/v2\/users\/4"}],"replies":[{"embeddable":true,"href":"https:\/\/aaccea-photo.org\/WP3\/wp-json\/wp\/v2\/comments?post=1000"}],"version-history":[{"count":34,"href":"https:\/\/aaccea-photo.org\/WP3\/wp-json\/wp\/v2\/posts\/1000\/revisions"}],"predecessor-version":[{"id":1029,"href":"https:\/\/aaccea-photo.org\/WP3\/wp-json\/wp\/v2\/posts\/1000\/revisions\/1029"}],"wp:attachment":[{"href":"https:\/\/aaccea-photo.org\/WP3\/wp-json\/wp\/v2\/media?parent=1000"}],"wp:term":[{"taxonomy":"category","embeddable":true,"href":"https:\/\/aaccea-photo.org\/WP3\/wp-json\/wp\/v2\/categories?post=1000"},{"taxonomy":"post_tag","embeddable":true,"href":"https:\/\/aaccea-photo.org\/WP3\/wp-json\/wp\/v2\/tags?post=1000"}],"curies":[{"name":"wp","href":"https:\/\/api.w.org\/{rel}","templated":true}]}}