{"id":1052,"date":"2013-03-27T09:27:08","date_gmt":"2013-03-27T08:27:08","guid":{"rendered":"http:\/\/aaccea-photo.org\/WP3\/?p=1052"},"modified":"2013-03-27T09:33:04","modified_gmt":"2013-03-27T08:33:04","slug":"reportage-centresac","status":"publish","type":"post","link":"https:\/\/aaccea-photo.org\/WP3\/reportage-centresac\/","title":{"rendered":"[Reportage] Reportage centre de saclay"},"content":{"rendered":"<h2>Le reportage<\/h2>\n<p>L&rsquo;UCOM nous demande des photos du site de saclay pour alimenter le facebook  CEA saclay. Il n&rsquo;y a pas de sujet particulier. Il faut juste penser \u00e0 prendre une photo sur le centre lorsque les conditions m\u00e9t\u00e9o ou de lumi\u00e8res sont int\u00e9ressantes.<\/p>\n<h2>Contact<\/h2>\n<p>Merci d&rsquo;envoyer vos photos \u00e0 <a href=\"mailto:suresh.pajaniradja@cea.fr?subject=[Photo du centre]\" target=\"_blank\">Suresh Pajaniradja<\/a>.<\/p>\n","protected":false},"excerpt":{"rendered":"<p>Le reportage L&rsquo;UCOM nous demande des photos du site de saclay pour alimenter le facebook CEA saclay. Il n&rsquo;y a pas de sujet particulier. Il faut juste penser \u00e0 prendre une photo sur le centre lorsque les conditions m\u00e9t\u00e9o ou de lumi\u00e8res sont int\u00e9ressantes. Contact Merci d&rsquo;envoyer vos photos \u00e0 Suresh Pajaniradja.<\/p>\n","protected":false},"author":4,"featured_media":0,"comment_status":"closed","ping_status":"closed","sticky":false,"template":"","format":"standard","meta":{"footnotes":""},"categories":[9],"tags":[],"_links":{"self":[{"href":"https:\/\/aaccea-photo.org\/WP3\/wp-json\/wp\/v2\/posts\/1052"}],"collection":[{"href":"https:\/\/aaccea-photo.org\/WP3\/wp-json\/wp\/v2\/posts"}],"about":[{"href":"https:\/\/aaccea-photo.org\/WP3\/wp-json\/wp\/v2\/types\/post"}],"author":[{"embeddable":true,"href":"https:\/\/aaccea-photo.org\/WP3\/wp-json\/wp\/v2\/users\/4"}],"replies":[{"embeddable":true,"href":"https:\/\/aaccea-photo.org\/WP3\/wp-json\/wp\/v2\/comments?post=1052"}],"version-history":[{"count":2,"href":"https:\/\/aaccea-photo.org\/WP3\/wp-json\/wp\/v2\/posts\/1052\/revisions"}],"predecessor-version":[{"id":1054,"href":"https:\/\/aaccea-photo.org\/WP3\/wp-json\/wp\/v2\/posts\/1052\/revisions\/1054"}],"wp:attachment":[{"href":"https:\/\/aaccea-photo.org\/WP3\/wp-json\/wp\/v2\/media?parent=1052"}],"wp:term":[{"taxonomy":"category","embeddable":true,"href":"https:\/\/aaccea-photo.org\/WP3\/wp-json\/wp\/v2\/categories?post=1052"},{"taxonomy":"post_tag","embeddable":true,"href":"https:\/\/aaccea-photo.org\/WP3\/wp-json\/wp\/v2\/tags?post=1052"}],"curies":[{"name":"wp","href":"https:\/\/api.w.org\/{rel}","templated":true}]}}