{"id":1096,"date":"2013-05-06T14:01:26","date_gmt":"2013-05-06T12:01:26","guid":{"rendered":"http:\/\/aaccea-photo.org\/WP3\/?p=1096"},"modified":"2013-09-16T10:57:30","modified_gmt":"2013-09-16T08:57:30","slug":"montier_2013","status":"publish","type":"post","link":"https:\/\/aaccea-photo.org\/WP3\/montier_2013\/","title":{"rendered":"[Sortie] Montier-En-Der 2013"},"content":{"rendered":"<h2>Les infos<\/h2>\n<p>Comme chaque ann\u00e9e la section photo organise une sortie de deux jours au Festival de photo animali\u00e8re et de nature de Montier en Der qui cette ann\u00e9e se d\u00e9roulera le samedi 23 et le dimanche 24 novembre.<br \/>\n<span style=\"color: #ff6600;\">D\u00e9part le samedi \u00e0 7h et retour le dimanche en fin d\u2019apr\u00e8s-midi.<\/span><br \/>\nUne nuit d\u2019h\u00f4tel est pr\u00e9vue \u00e0 Saint-Dizier avec le repas du soir. Le trajet se fait en covoiturage au d\u00e9part des environs de Saclay.<br \/>\nCette sortie est tr\u00e8s agr\u00e9able et nombreux sont ceux qui reviennent chaque ann\u00e9e pour le plaisir de la convivialit\u00e9 autour de notre passion.<br \/>\nPar ailleurs, nul besoin d&rsquo;\u00eatre photographe animalier pour appr\u00e9cier la qualit\u00e9 exceptionnelle des photos expos\u00e9es.<\/p>\n<p>Afin de r\u00e9server l\u2019h\u00f4tel dans le meilleur d\u00e9lai il faut que vous confirmiez votre r\u00e9servation <span style=\"color: #ff0000;\">au plus tard le 15 mai 2013<\/span> avec un ch\u00e8que de 80 \u20ac \u00e0 l&rsquo;ordre de Philippe Brun que vous laisserez dans ma case courrier \u00e0 l\u2019AAC au b\u00e2t 471 (ce ch\u00e8que ne sera pas encaiss\u00e9 avant la sortie).<\/p>\n<h2>Le festival<\/h2>\n<h6>Toutes les informations sur le festival en cliquant sur l&rsquo;image<\/h6>\n<p><a href=\"http:\/\/aaccea-photo.org\/WP3\/wp-content\/uploads\/2013\/05\/Montier_2013.jpg\"><img loading=\"lazy\" decoding=\"async\" class=\"aligncenter size-full wp-image-1098\" alt=\"Montier_2013\" src=\"http:\/\/aaccea-photo.org\/WP3\/wp-content\/uploads\/2013\/05\/Montier_2013.jpg\" width=\"744\" height=\"501\" srcset=\"https:\/\/aaccea-photo.org\/WP3\/wp-content\/uploads\/2013\/05\/Montier_2013.jpg 744w, https:\/\/aaccea-photo.org\/WP3\/wp-content\/uploads\/2013\/05\/Montier_2013-300x202.jpg 300w\" sizes=\"(max-width: 744px) 100vw, 744px\" \/><\/a><br \/>\nPour plus d\u2019information quelques liens :<\/p>\n<ul>\n<li><a href=\"http:\/\/www.festiphoto-montier.org\/afpan.htm\" target=\"_blank\">www.festiphoto-montier.org<\/a><\/li>\n<li><a href=\"http:\/\/aaccea-photo.org\/WP3\/montier_2012\/\" target=\"_blank\">Sortie Montier en Der 2012<\/a><\/li>\n<\/ul>\n<h2>Les inscrits<\/h2>\n<ul>\n<li>Philippe<\/li>\n<li>Louis<\/li>\n<li>Suresh<\/li>\n<li>Sylvain<\/li>\n<li>Annie + Conjoint<\/li>\n<li>Eliane<\/li>\n<li>Sigrid<\/li>\n<li>Xavier<\/li>\n<li>Jean-Yves et Madame<\/li>\n<\/ul>\n","protected":false},"excerpt":{"rendered":"<p>Les infos Comme chaque ann\u00e9e la section photo organise une sortie de deux jours au Festival de photo animali\u00e8re et de nature de Montier en Der qui cette ann\u00e9e se d\u00e9roulera le samedi 23 et le dimanche 24 novembre. D\u00e9part le samedi \u00e0 7h et retour le dimanche en fin d\u2019apr\u00e8s-midi. Une nuit d\u2019h\u00f4tel est&hellip;<\/p>\n","protected":false},"author":4,"featured_media":0,"comment_status":"closed","ping_status":"closed","sticky":false,"template":"","format":"standard","meta":{"footnotes":""},"categories":[11],"tags":[],"_links":{"self":[{"href":"https:\/\/aaccea-photo.org\/WP3\/wp-json\/wp\/v2\/posts\/1096"}],"collection":[{"href":"https:\/\/aaccea-photo.org\/WP3\/wp-json\/wp\/v2\/posts"}],"about":[{"href":"https:\/\/aaccea-photo.org\/WP3\/wp-json\/wp\/v2\/types\/post"}],"author":[{"embeddable":true,"href":"https:\/\/aaccea-photo.org\/WP3\/wp-json\/wp\/v2\/users\/4"}],"replies":[{"embeddable":true,"href":"https:\/\/aaccea-photo.org\/WP3\/wp-json\/wp\/v2\/comments?post=1096"}],"version-history":[{"count":9,"href":"https:\/\/aaccea-photo.org\/WP3\/wp-json\/wp\/v2\/posts\/1096\/revisions"}],"predecessor-version":[{"id":1171,"href":"https:\/\/aaccea-photo.org\/WP3\/wp-json\/wp\/v2\/posts\/1096\/revisions\/1171"}],"wp:attachment":[{"href":"https:\/\/aaccea-photo.org\/WP3\/wp-json\/wp\/v2\/media?parent=1096"}],"wp:term":[{"taxonomy":"category","embeddable":true,"href":"https:\/\/aaccea-photo.org\/WP3\/wp-json\/wp\/v2\/categories?post=1096"},{"taxonomy":"post_tag","embeddable":true,"href":"https:\/\/aaccea-photo.org\/WP3\/wp-json\/wp\/v2\/tags?post=1096"}],"curies":[{"name":"wp","href":"https:\/\/api.w.org\/{rel}","templated":true}]}}