{"id":1106,"date":"2013-05-16T12:48:58","date_gmt":"2013-05-16T10:48:58","guid":{"rendered":"http:\/\/aaccea-photo.org\/WP3\/?p=1106"},"modified":"2013-05-16T12:48:58","modified_gmt":"2013-05-16T10:48:58","slug":"en-tete_201305","status":"publish","type":"post","link":"https:\/\/aaccea-photo.org\/WP3\/en-tete_201305\/","title":{"rendered":"Les photos de l\u2019en-t\u00eate #6"},"content":{"rendered":"<p>R\u00e9guli\u00e8rement, 4 photos seront s\u00e9lectionn\u00e9es afin de cr\u00e9er le bandeau. N\u2019h\u00e9siter <a href=\"mailto:contact@sigridlaroubine.fr?subject=[en-t\u00eate]\">m&rsquo;envoyer<\/a> vos photos au format 1024 x 198 UNIQUEMENT.<\/p>\n<p>Les participants pour le bandeau de Mai.<\/p>\n<div id=\"attachment_1107\" style=\"width: 160px\" class=\"wp-caption alignleft\"><a href=\"http:\/\/aaccea-photo.org\/WP3\/wp-content\/uploads\/2013\/05\/201305_IMG1.jpg\"><img loading=\"lazy\" decoding=\"async\" aria-describedby=\"caption-attachment-1107\" class=\"size-thumbnail wp-image-1107 \" alt=\"Photo de Eliane Maurel\" src=\"http:\/\/aaccea-photo.org\/WP3\/wp-content\/uploads\/2013\/05\/201305_IMG1-150x150.jpg\" width=\"150\" height=\"150\" \/><\/a><p id=\"caption-attachment-1107\" class=\"wp-caption-text\">Photo de Eliane Maurel<\/p><\/div>\n<div id=\"attachment_1108\" style=\"width: 160px\" class=\"wp-caption alignleft\"><a href=\"http:\/\/aaccea-photo.org\/WP3\/wp-content\/uploads\/2013\/05\/201305_IMG2.jpg\"><img loading=\"lazy\" decoding=\"async\" aria-describedby=\"caption-attachment-1108\" class=\"size-thumbnail wp-image-1108 \" alt=\"Photo de Antoine Garic\" src=\"http:\/\/aaccea-photo.org\/WP3\/wp-content\/uploads\/2013\/05\/201305_IMG2-150x150.jpg\" width=\"150\" height=\"150\" \/><\/a><p id=\"caption-attachment-1108\" class=\"wp-caption-text\">Photo de Antoine Garic<\/p><\/div>\n<div id=\"attachment_1109\" style=\"width: 160px\" class=\"wp-caption alignleft\"><a href=\"http:\/\/aaccea-photo.org\/WP3\/wp-content\/uploads\/2013\/05\/201305_IMG3.jpg\"><img loading=\"lazy\" decoding=\"async\" aria-describedby=\"caption-attachment-1109\" class=\"size-thumbnail wp-image-1109 \" alt=\"Photo de Audrey Lilin\" src=\"http:\/\/aaccea-photo.org\/WP3\/wp-content\/uploads\/2013\/05\/201305_IMG3-150x150.jpg\" width=\"150\" height=\"150\" \/><\/a><p id=\"caption-attachment-1109\" class=\"wp-caption-text\">Photo de Audrey Lilin<\/p><\/div>\n<div id=\"attachment_1110\" style=\"width: 160px\" class=\"wp-caption alignleft\"><a href=\"http:\/\/aaccea-photo.org\/WP3\/wp-content\/uploads\/2013\/05\/201305_IMG4.jpg\"><img loading=\"lazy\" decoding=\"async\" aria-describedby=\"caption-attachment-1110\" class=\"size-thumbnail wp-image-1110 \" alt=\"Photo de Jacques Page\" src=\"http:\/\/aaccea-photo.org\/WP3\/wp-content\/uploads\/2013\/05\/201305_IMG4-150x150.jpg\" width=\"150\" height=\"150\" \/><\/a><p id=\"caption-attachment-1110\" class=\"wp-caption-text\">Photo de Jacques Page<\/p><\/div>\n","protected":false},"excerpt":{"rendered":"<p>R\u00e9guli\u00e8rement, 4 photos seront s\u00e9lectionn\u00e9es afin de cr\u00e9er le bandeau. N\u2019h\u00e9siter m&rsquo;envoyer vos photos au format 1024 x 198 UNIQUEMENT. Les participants pour le bandeau de Mai.<\/p>\n","protected":false},"author":4,"featured_media":0,"comment_status":"open","ping_status":"open","sticky":false,"template":"","format":"standard","meta":{"footnotes":""},"categories":[1],"tags":[],"_links":{"self":[{"href":"https:\/\/aaccea-photo.org\/WP3\/wp-json\/wp\/v2\/posts\/1106"}],"collection":[{"href":"https:\/\/aaccea-photo.org\/WP3\/wp-json\/wp\/v2\/posts"}],"about":[{"href":"https:\/\/aaccea-photo.org\/WP3\/wp-json\/wp\/v2\/types\/post"}],"author":[{"embeddable":true,"href":"https:\/\/aaccea-photo.org\/WP3\/wp-json\/wp\/v2\/users\/4"}],"replies":[{"embeddable":true,"href":"https:\/\/aaccea-photo.org\/WP3\/wp-json\/wp\/v2\/comments?post=1106"}],"version-history":[{"count":4,"href":"https:\/\/aaccea-photo.org\/WP3\/wp-json\/wp\/v2\/posts\/1106\/revisions"}],"predecessor-version":[{"id":1118,"href":"https:\/\/aaccea-photo.org\/WP3\/wp-json\/wp\/v2\/posts\/1106\/revisions\/1118"}],"wp:attachment":[{"href":"https:\/\/aaccea-photo.org\/WP3\/wp-json\/wp\/v2\/media?parent=1106"}],"wp:term":[{"taxonomy":"category","embeddable":true,"href":"https:\/\/aaccea-photo.org\/WP3\/wp-json\/wp\/v2\/categories?post=1106"},{"taxonomy":"post_tag","embeddable":true,"href":"https:\/\/aaccea-photo.org\/WP3\/wp-json\/wp\/v2\/tags?post=1106"}],"curies":[{"name":"wp","href":"https:\/\/api.w.org\/{rel}","templated":true}]}}