{"id":1122,"date":"2013-10-17T15:40:38","date_gmt":"2013-10-17T13:40:38","guid":{"rendered":"http:\/\/aaccea-photo.org\/WP3\/?p=1122"},"modified":"2013-11-25T14:45:15","modified_gmt":"2013-11-25T13:45:15","slug":"news_20130604","status":"publish","type":"post","link":"https:\/\/aaccea-photo.org\/WP3\/news_20130604\/","title":{"rendered":"[News] News du 17 octobre 2013"},"content":{"rendered":"<p>Bonjour \u00e0 tous,<\/p>\n<p>Si vous avez rat\u00e9 notre r\u00e9union de rentr\u00e9e mardi dernier, voici quelques nouvelles:<\/p>\n<p>&#8211; cette ann\u00e9e, nous rempla\u00e7ons les TPs photo par des s\u00e9ances de travail sur le th\u00e8me du concours. L&rsquo;objectif est de permettre \u00e0 tous de voir comment nos images sont per\u00e7ues par des regards ext\u00e9rieurs et de proposer en commun des pistes pour les am\u00e9liorer.<\/p>\n<p>Nous avan\u00e7ons donc le choix du th\u00e8me (si vous ne l&rsquo;avez pas fait, je vous invite \u00e0 voter <a href=\"http:\/\/aaccea-photo.org\/WP3\/concours\/\">ici<\/a> avant le 28 octobre). Ce th\u00e8me sera annonc\u00e9 d\u00e9but novembre, et la premi\u00e8re r\u00e9union de travail aura lieu le 26 novembre de 12h \u00e0 12h45 (voir l&rsquo;<a href=\"http:\/\/aaccea-photo.org\/WP3\/agenda\/\">agenda<\/a>).<\/p>\n<p>&#8211; Pour permettre au plus grand nombre de participer \u00e0 nos activit\u00e9s, nous proposerons quelques r\u00e9unions pendant la pause de midi de 12h \u00e0 12h45. Ces r\u00e9unions seront courtes et commenceront et se termineront \u00e0 l&rsquo;heure. Nous vous invitons \u00e0 venir avec un sandwich et\/ou des choses \u00e0 partager fa\u00e7on auberge espagnole.<\/p>\n<p>3 sont d\u00e9j\u00e0 pr\u00e9vu d&rsquo;ici la fin d&rsquo;ann\u00e9e (voir l&rsquo;<a href=\"http:\/\/aaccea-photo.org\/WP3\/agenda\/\">agenda<\/a>), la premi\u00e8re <span style=\"text-decoration: underline;\">le 05 Novembre<\/span> sur le traitement d&rsquo;image les personnes qui le souhaite peuvent apporter une photo sur clefs USB pour travailler dessus.<br \/>\n&#8211; nous avons la possibilit\u00e9 de programmer un stage d&rsquo;une (1\/2?) journ\u00e9e de formation sur la photo de Nu, avec le <a href=\"https:\/\/sites.google.com\/site\/chezlaclic\/\" target=\"_blank\">collectif de photographes de Gif<\/a> .\u00a0 Le stage n&rsquo;aura lieu que si il y a au moins 5 participants et nous demanderons une participations aux frais de l&rsquo;ordre de 30\u20ac\/p. Merci de d&rsquo;indiquer par mail si vous \u00eates int\u00e9ress\u00e9s <a title=\"stage photo de nu\" href=\"mailto:Jean-Yves.THURET@cea.fr\" target=\"_blank\">contact<\/a>.<\/p>\n<p>&#8211; nous proposerons quelques sorties, parfois en commun avec Saclay-Visions.<br \/>\n<span style=\"text-decoration: underline;\">Le samedi 16 novembre<\/span>, Saclay-Visions organise une sortie sur les passages parisien.<a href=\"http:\/\/aaccea-photo.org\/WP3\/sortie-passages-couverts\/\"> Pour plus d&rsquo;informations<\/a><br \/>\n<span style=\"text-decoration: underline;\">Le 23 et 24 novembre<\/span>, nous serons \u00e0 Montier en Der pour le <a href=\"http:\/\/www.festiphoto-montier.org\/\">festival de la photo animali\u00e8re<\/a> . Vous pouvez encore vous joindre \u00e0 nous pour le voyage et les visites (d\u00e9part samedi matin, retour dimanche apr\u00e8s-midi), mais vous devrez trouver votre h\u00e9bergement par vous-m\u00eame.<br \/>\n<span style=\"text-decoration: underline;\">Le samedi 14 d\u00e9cembre<\/span> en fin de journ\u00e9e, nous irons photographier les illuminations de Paris. Auparavant, le mardi 10 nous aurons une petite s\u00e9ance de formation technique pour pr\u00e9parer la sortie.<\/p>\n<p>&#8211; Saclay-Visions organise le 9 novembre \u00e0 14h un cours sur la composition des images en photographie, <a title=\"Cours sur la composition\" href=\"mailto:pg.photo@wanadoo.fr\">contact pour inscription<\/a>.<\/p>\n<p>&#8211; Nous proposerons en d\u00e9but d&rsquo;ann\u00e9e prochaine un cours sur les techniques de base de la photographie et une d\u00e9monstration sur le passage de photos couleurs en Noir et blanc. D&rsquo;autres cours ou pr\u00e9sentations pourront \u00eatre organis\u00e9s suivant vos besoins, manifestez-vous !<\/p>\n<p>&#8211; N&rsquo;oubliez-pas que vous pouvez proposer des images, au format 1024&#215;198, pour l&rsquo;illustration du site. Vous ne savez pas comment recadrer une image au format 1024&#215;298 ? Demandez-nous un cours sur les bases du traitement d&rsquo;image !<\/p>\n<p>&#8211; Nous relan\u00e7ons les demandes d&rsquo;autorisation de prise de vue sur le Centre, qui permettent de photographier tout au long de l&rsquo;ann\u00e9e et de participer aux reportages. <a title=\"Autorisation de prise de vue\" href=\"mailto:Jean-Yves.THURET@cea.fr\" target=\"_blank\">Contact<\/a> si vous souhaitez demander une autorisation.<\/p>\n<p>&#8211; SI vous souhaitez adh\u00e9rer \u00e0 la <a href=\"http:\/\/federation-photo.fr\/\">F\u00e9d\u00e9ration Photographique de France<\/a>, qui propose des stages, des concours et des r\u00e9ductions sur du mat\u00e9riel et des logiciels , <a title=\"Inscription F\u00e9d\u00e9ration Photographie\" href=\"mailto:Jean-Yves.THURET@cea.fr\" target=\"_blank\">contact<\/a>.<\/p>\n<p>Bonne journ\u00e9e<br \/>\nAACCEA-Photo<\/p>\n","protected":false},"excerpt":{"rendered":"<p>Bonjour \u00e0 tous, Si vous avez rat\u00e9 notre r\u00e9union de rentr\u00e9e mardi dernier, voici quelques nouvelles: &#8211; cette ann\u00e9e, nous rempla\u00e7ons les TPs photo par des s\u00e9ances de travail sur le th\u00e8me du concours. L&rsquo;objectif est de permettre \u00e0 tous de voir comment nos images sont per\u00e7ues par des regards ext\u00e9rieurs et de proposer en&hellip;<\/p>\n","protected":false},"author":4,"featured_media":0,"comment_status":"closed","ping_status":"closed","sticky":false,"template":"","format":"standard","meta":{"footnotes":""},"categories":[17],"tags":[],"_links":{"self":[{"href":"https:\/\/aaccea-photo.org\/WP3\/wp-json\/wp\/v2\/posts\/1122"}],"collection":[{"href":"https:\/\/aaccea-photo.org\/WP3\/wp-json\/wp\/v2\/posts"}],"about":[{"href":"https:\/\/aaccea-photo.org\/WP3\/wp-json\/wp\/v2\/types\/post"}],"author":[{"embeddable":true,"href":"https:\/\/aaccea-photo.org\/WP3\/wp-json\/wp\/v2\/users\/4"}],"replies":[{"embeddable":true,"href":"https:\/\/aaccea-photo.org\/WP3\/wp-json\/wp\/v2\/comments?post=1122"}],"version-history":[{"count":12,"href":"https:\/\/aaccea-photo.org\/WP3\/wp-json\/wp\/v2\/posts\/1122\/revisions"}],"predecessor-version":[{"id":1243,"href":"https:\/\/aaccea-photo.org\/WP3\/wp-json\/wp\/v2\/posts\/1122\/revisions\/1243"}],"wp:attachment":[{"href":"https:\/\/aaccea-photo.org\/WP3\/wp-json\/wp\/v2\/media?parent=1122"}],"wp:term":[{"taxonomy":"category","embeddable":true,"href":"https:\/\/aaccea-photo.org\/WP3\/wp-json\/wp\/v2\/categories?post=1122"},{"taxonomy":"post_tag","embeddable":true,"href":"https:\/\/aaccea-photo.org\/WP3\/wp-json\/wp\/v2\/tags?post=1122"}],"curies":[{"name":"wp","href":"https:\/\/api.w.org\/{rel}","templated":true}]}}