{"id":1129,"date":"2013-08-01T11:17:34","date_gmt":"2013-08-01T09:17:34","guid":{"rendered":"http:\/\/aaccea-photo.org\/WP3\/?p=1129"},"modified":"2013-08-01T09:43:34","modified_gmt":"2013-08-01T07:43:34","slug":"reportage_2013_fete-musique","status":"publish","type":"post","link":"https:\/\/aaccea-photo.org\/WP3\/reportage_2013_fete-musique\/","title":{"rendered":"[Reportage] Fete de la musique et du sport"},"content":{"rendered":"<h2>Le reportage<\/h2>\n<p>L&rsquo;UCOM, l&rsquo;AACCEA et l&rsquo;ASCEA font appel aux reporters de la section photo pour couvrir la f\u00eate de la musique et du sport.<br \/>\nAu programme des musiciens (des groupes diff\u00e9rents qui vont jouer le 18 au souk, le 19 juin au 526 et le 21 juin devant le 523 ) et une course de relais inter-services le 21 juin 2013.<br \/>\nLe <a href=\"http:\/\/aaccea-photo.org\/WP3\/wp-content\/uploads\/2013\/06\/20130621_parcours.pdf\">parcours<\/a> de la course, qui fait 900m , part du 523, passe devant le restaurant R1, la route EL2, puis relie le ch\u00e2teau d&rsquo;eau pour enfin revenir sur le 523. la course dure 45min et le musiciens joueront jusqu&rsquo;\u00e0 14h.<br \/>\nC&rsquo;est ouvert \u00e0 tous, nous aurons des autorisations de prises de vues temporaires.<br \/>\nPour les plus courageux, le m\u00eame groupe du 21 Juin, va jouer \u00e0 Paris dans le 20\u00e8me de 20h \u00e0 1h.<\/p>\n<p><a href=\"http:\/\/www-saclay.cea.fr\/Phocea\/Page\/index.php?id=507\" target=\"_blank\">Pour plus d&rsquo;info sur la F\u00eate de la Musique et du Sport \u00e0 Saclay<\/a><\/p>\n<h2>la galerie<\/h2>\n<p><a href=\"http:\/\/www.aaccea-photo.org\/Galeries\/2013_FMS_Course\/index.html\" target=\"_blank\">Voir les photos de la course<\/a><br \/>\n<a href=\"http:\/\/www.aaccea-photo.org\/Galeries\/2013_FMS_Equipes\/index.html\" target=\"_blank\">Voir les photos des \u00e9quipes<\/a><br \/>\n<a href=\"http:\/\/www.aaccea-photo.org\/Galeries\/2013_FMS_Musiciens\/index.html\" target=\"_blank\">Voir les photos des musiciens<\/a><br \/>\n<a href=\"http:\/\/www.aaccea-photo.org\/Galeries\/2013_FMS_Picnic\/index.html\" target=\"_blank\">Voir les photos du pique-nique<\/a><\/p>\n<h2>Contact<\/h2>\n<p>Inscription obligatoire aupr\u00e8s de <a href=\"mailto:suresh.pajaniradja@cea.fr?subject=[Fete_21_juin_2013]\" target=\"_blank\">Suresh<\/a> (pour les autorisations et distribution de sandwich).<\/p>\n","protected":false},"excerpt":{"rendered":"<p>Le reportage L&rsquo;UCOM, l&rsquo;AACCEA et l&rsquo;ASCEA font appel aux reporters de la section photo pour couvrir la f\u00eate de la musique et du sport. Au programme des musiciens (des groupes diff\u00e9rents qui vont jouer le 18 au souk, le 19 juin au 526 et le 21 juin devant le 523 ) et une course de&hellip;<\/p>\n","protected":false},"author":4,"featured_media":0,"comment_status":"closed","ping_status":"closed","sticky":false,"template":"","format":"standard","meta":{"footnotes":""},"categories":[9],"tags":[],"_links":{"self":[{"href":"https:\/\/aaccea-photo.org\/WP3\/wp-json\/wp\/v2\/posts\/1129"}],"collection":[{"href":"https:\/\/aaccea-photo.org\/WP3\/wp-json\/wp\/v2\/posts"}],"about":[{"href":"https:\/\/aaccea-photo.org\/WP3\/wp-json\/wp\/v2\/types\/post"}],"author":[{"embeddable":true,"href":"https:\/\/aaccea-photo.org\/WP3\/wp-json\/wp\/v2\/users\/4"}],"replies":[{"embeddable":true,"href":"https:\/\/aaccea-photo.org\/WP3\/wp-json\/wp\/v2\/comments?post=1129"}],"version-history":[{"count":7,"href":"https:\/\/aaccea-photo.org\/WP3\/wp-json\/wp\/v2\/posts\/1129\/revisions"}],"predecessor-version":[{"id":1170,"href":"https:\/\/aaccea-photo.org\/WP3\/wp-json\/wp\/v2\/posts\/1129\/revisions\/1170"}],"wp:attachment":[{"href":"https:\/\/aaccea-photo.org\/WP3\/wp-json\/wp\/v2\/media?parent=1129"}],"wp:term":[{"taxonomy":"category","embeddable":true,"href":"https:\/\/aaccea-photo.org\/WP3\/wp-json\/wp\/v2\/categories?post=1129"},{"taxonomy":"post_tag","embeddable":true,"href":"https:\/\/aaccea-photo.org\/WP3\/wp-json\/wp\/v2\/tags?post=1129"}],"curies":[{"name":"wp","href":"https:\/\/api.w.org\/{rel}","templated":true}]}}