{"id":1148,"date":"2013-07-04T19:59:46","date_gmt":"2013-07-04T17:59:46","guid":{"rendered":"http:\/\/aaccea-photo.org\/WP3\/?p=1148"},"modified":"2013-08-26T09:38:12","modified_gmt":"2013-08-26T07:38:12","slug":"2013_sortie_jumping","status":"publish","type":"post","link":"https:\/\/aaccea-photo.org\/WP3\/2013_sortie_jumping\/","title":{"rendered":"[Sortie] Jumping de Chantilly"},"content":{"rendered":"<h2>La sortie<\/h2>\n<p>Photo au Jumping de Chantilly, Attention cela sera en semaine.<\/p>\n<h2>Les infos<\/h2>\n<p>Le samedi 20 juillet : <a href=\"http:\/\/www.jumping-chantilly.com\/\" target=\"_blank\">Jumping de chantilly.<\/a><br \/>\nRendez-vous sur place \u00e0 partir de 8h avec possibilit\u00e9 de se retrouver plus tard dans la journ\u00e9e.<br \/>\nVous avez le programme <a href=\"http:\/\/www.jumping-chantilly.com\/ajaxfile\/uploaded\/program-2013_1.pdf\" target=\"_blank\">ici<\/a> . Merci de me tenir inform\u00e9 <a href=\"mailto:regis.courbeyrette@cea.fr\">R\u00e9gis par mail<\/a> si vous d\u00e9sirez venir pour que l&rsquo;on organise la journ\u00e9e.<br \/>\nPour information le jumping est du 18 au 21 juillet, j&rsquo;y suis all\u00e9 l&rsquo;ann\u00e9e derni\u00e8re c&rsquo;est compl\u00e8tement gratuit (parking et entr\u00e9e) c&rsquo;est tr\u00e8s sympa \u00e0 voir et il y a pas mal de possibilit\u00e9s pour la photos. Par contre je vous conseil d&rsquo;amener \u00e0 manger car sur place c&rsquo;est assez ch\u00e8re.<br \/>\n<a href=\"http:\/\/coyotopict.free.fr\/Reportages\/jumping%20chantilly%202012\/index.html\" target=\"_blank\">La galerie de R\u00e9gis 2012<\/a><\/p>\n<h2>Les inscrits<\/h2>\n<ul>\n<li>R\u00e9gis<\/li>\n<li>Suresh<\/li>\n<\/ul>\n<h2>les photos<\/h2>\n<p><a href=\"http:\/\/coyotopict.free.fr\/Reportages\/jumping%20chantilly%202013\/index.html\" target=\"_blank\">La galerie de R\u00e9gis<\/a><\/p>\n","protected":false},"excerpt":{"rendered":"<p>La sortie Photo au Jumping de Chantilly, Attention cela sera en semaine. Les infos Le samedi 20 juillet : Jumping de chantilly. Rendez-vous sur place \u00e0 partir de 8h avec possibilit\u00e9 de se retrouver plus tard dans la journ\u00e9e. Vous avez le programme ici . Merci de me tenir inform\u00e9 R\u00e9gis par mail si vous&hellip;<\/p>\n","protected":false},"author":4,"featured_media":0,"comment_status":"closed","ping_status":"closed","sticky":false,"template":"","format":"standard","meta":{"footnotes":""},"categories":[11],"tags":[],"_links":{"self":[{"href":"https:\/\/aaccea-photo.org\/WP3\/wp-json\/wp\/v2\/posts\/1148"}],"collection":[{"href":"https:\/\/aaccea-photo.org\/WP3\/wp-json\/wp\/v2\/posts"}],"about":[{"href":"https:\/\/aaccea-photo.org\/WP3\/wp-json\/wp\/v2\/types\/post"}],"author":[{"embeddable":true,"href":"https:\/\/aaccea-photo.org\/WP3\/wp-json\/wp\/v2\/users\/4"}],"replies":[{"embeddable":true,"href":"https:\/\/aaccea-photo.org\/WP3\/wp-json\/wp\/v2\/comments?post=1148"}],"version-history":[{"count":10,"href":"https:\/\/aaccea-photo.org\/WP3\/wp-json\/wp\/v2\/posts\/1148\/revisions"}],"predecessor-version":[{"id":1173,"href":"https:\/\/aaccea-photo.org\/WP3\/wp-json\/wp\/v2\/posts\/1148\/revisions\/1173"}],"wp:attachment":[{"href":"https:\/\/aaccea-photo.org\/WP3\/wp-json\/wp\/v2\/media?parent=1148"}],"wp:term":[{"taxonomy":"category","embeddable":true,"href":"https:\/\/aaccea-photo.org\/WP3\/wp-json\/wp\/v2\/categories?post=1148"},{"taxonomy":"post_tag","embeddable":true,"href":"https:\/\/aaccea-photo.org\/WP3\/wp-json\/wp\/v2\/tags?post=1148"}],"curies":[{"name":"wp","href":"https:\/\/api.w.org\/{rel}","templated":true}]}}