{"id":1177,"date":"2013-09-30T07:00:41","date_gmt":"2013-09-30T05:00:41","guid":{"rendered":"http:\/\/aaccea-photo.org\/WP3\/?p=1177"},"modified":"2013-10-10T10:06:55","modified_gmt":"2013-10-10T08:06:55","slug":"reportage_2013_journeemobilite","status":"publish","type":"post","link":"https:\/\/aaccea-photo.org\/WP3\/reportage_2013_journeemobilite\/","title":{"rendered":"[Reportage] journ\u00e9e de la mobilit\u00e9"},"content":{"rendered":"<h2>Le reportage<\/h2>\n<p>A l&rsquo;ocasion de la semaine europ\u00e9enne de la mobilit\u00e9, la Direction organise sur le centre la journ\u00e9e de la mobilit\u00e9 pour promouvoir les modes alternatif (\u00e0 la voiture particuli\u00e8re) de transport. Il sera possible de tester des voitures et v\u00e9lo \u00e9lectriques et de s&rsquo;informer sur l&rsquo;offre de moyen de transports alternatif sur la plateau. Un parcours \u00e0 v\u00e9lo de 1h \u00e0 l&rsquo;ext\u00e9rieur du centre est aussi propos\u00e9.<br \/>\n3 groupes de musiciens seront pr\u00e9sent pour animer l&rsquo;\u00e9v\u00e8nement qui se terminera par un pique nique \u00e0 13h.<br \/>\nIl faut imp\u00e9rativement s&rsquo;inscrire pour participer \u00e0 ce reportage pour obtenir une autorisation temporaire de prise de vue et un panier repas.<br \/>\nLieu : parvis 523<br \/>\nDate: vendredi 20<br \/>\nHoraires : 11h \u00e0 14h<br \/>\n<a href=\"http:\/\/www-saclay.cea.fr\/Phocea\/Vie_des_labos\/Fait_marquant\/index.php?id_news=1413\" target=\"_blank\">Lien intranet Saclay<\/a><\/p>\n<h2>la galerie<\/h2>\n<p><a href=\"http:\/\/www.aaccea-photo.org\/Galeries\/2013_Mobilite\/mix\/index.html\" target=\"_blank\">Galerie photos des 3 photographes.<\/a><\/p>\n<h2>Participants<\/h2>\n<p>* Xavier * Suresh * R\u00e9gis<\/p>\n","protected":false},"excerpt":{"rendered":"<p>Le reportage A l&rsquo;ocasion de la semaine europ\u00e9enne de la mobilit\u00e9, la Direction organise sur le centre la journ\u00e9e de la mobilit\u00e9 pour promouvoir les modes alternatif (\u00e0 la voiture particuli\u00e8re) de transport. Il sera possible de tester des voitures et v\u00e9lo \u00e9lectriques et de s&rsquo;informer sur l&rsquo;offre de moyen de transports alternatif sur la&hellip;<\/p>\n","protected":false},"author":4,"featured_media":0,"comment_status":"closed","ping_status":"closed","sticky":false,"template":"","format":"standard","meta":{"footnotes":""},"categories":[9],"tags":[],"_links":{"self":[{"href":"https:\/\/aaccea-photo.org\/WP3\/wp-json\/wp\/v2\/posts\/1177"}],"collection":[{"href":"https:\/\/aaccea-photo.org\/WP3\/wp-json\/wp\/v2\/posts"}],"about":[{"href":"https:\/\/aaccea-photo.org\/WP3\/wp-json\/wp\/v2\/types\/post"}],"author":[{"embeddable":true,"href":"https:\/\/aaccea-photo.org\/WP3\/wp-json\/wp\/v2\/users\/4"}],"replies":[{"embeddable":true,"href":"https:\/\/aaccea-photo.org\/WP3\/wp-json\/wp\/v2\/comments?post=1177"}],"version-history":[{"count":7,"href":"https:\/\/aaccea-photo.org\/WP3\/wp-json\/wp\/v2\/posts\/1177\/revisions"}],"predecessor-version":[{"id":1209,"href":"https:\/\/aaccea-photo.org\/WP3\/wp-json\/wp\/v2\/posts\/1177\/revisions\/1209"}],"wp:attachment":[{"href":"https:\/\/aaccea-photo.org\/WP3\/wp-json\/wp\/v2\/media?parent=1177"}],"wp:term":[{"taxonomy":"category","embeddable":true,"href":"https:\/\/aaccea-photo.org\/WP3\/wp-json\/wp\/v2\/categories?post=1177"},{"taxonomy":"post_tag","embeddable":true,"href":"https:\/\/aaccea-photo.org\/WP3\/wp-json\/wp\/v2\/tags?post=1177"}],"curies":[{"name":"wp","href":"https:\/\/api.w.org\/{rel}","templated":true}]}}