{"id":1189,"date":"2013-10-03T09:11:48","date_gmt":"2013-10-03T07:11:48","guid":{"rendered":"http:\/\/aaccea-photo.org\/WP3\/?p=1189"},"modified":"2013-10-15T13:40:10","modified_gmt":"2013-10-15T11:40:10","slug":"2013_fete-science","status":"publish","type":"post","link":"https:\/\/aaccea-photo.org\/WP3\/2013_fete-science\/","title":{"rendered":"[Reportage] F\u00eate de la science"},"content":{"rendered":"<h2>Le reportage<\/h2>\n<p><span style=\"text-decoration: underline;\">Vendredi 11 octobre<\/span> :<br \/>\nLe CEA organise 54 ateliers scientifiques pour les accueillir 1000 jeunes inscrits.<br \/>\n<span style=\"text-decoration: underline;\">Samedi 12 et dimanche 13 octobre<\/span> :<br \/>\nLe CEA propose 5 ateliers. La maquette de Tamaris et celle d\u2019Iseult ainsi qu\u2019un \u0153il d\u2019Antar\u00e8s seront pr\u00e9sent\u00e9s.<\/p>\n<p>Objectifs : L\u2019UCOM nous demandes des vus de nos stand, des vues g\u00e9n\u00e9rales et les jeunes enfants aux ateliers. Si l\u2019on peut leur fournir des photo du montage ou d\u00e9montage des stand ils seront preneurs.<\/p>\n<p><a href=\"http:\/\/www.iledescience.org\/index.php?actu=6\" target=\"_blank\">R\u00e9ferences<\/a><\/p>\n<h2>la galerie<\/h2>\n<p><a href=\"http:\/\/www.aaccea-photo.org\/Galeries\/2013_fete_science\/index.html\" target=\"_blank\">Galerie des photos<\/a><\/p>\n<h2>Participant<\/h2>\n<p>*Suresh*<\/p>\n","protected":false},"excerpt":{"rendered":"<p>Le reportage Vendredi 11 octobre : Le CEA organise 54 ateliers scientifiques pour les accueillir 1000 jeunes inscrits. Samedi 12 et dimanche 13 octobre : Le CEA propose 5 ateliers. La maquette de Tamaris et celle d\u2019Iseult ainsi qu\u2019un \u0153il d\u2019Antar\u00e8s seront pr\u00e9sent\u00e9s. Objectifs : L\u2019UCOM nous demandes des vus de nos stand, des vues&hellip;<\/p>\n","protected":false},"author":4,"featured_media":0,"comment_status":"closed","ping_status":"closed","sticky":false,"template":"","format":"standard","meta":{"footnotes":""},"categories":[9],"tags":[],"_links":{"self":[{"href":"https:\/\/aaccea-photo.org\/WP3\/wp-json\/wp\/v2\/posts\/1189"}],"collection":[{"href":"https:\/\/aaccea-photo.org\/WP3\/wp-json\/wp\/v2\/posts"}],"about":[{"href":"https:\/\/aaccea-photo.org\/WP3\/wp-json\/wp\/v2\/types\/post"}],"author":[{"embeddable":true,"href":"https:\/\/aaccea-photo.org\/WP3\/wp-json\/wp\/v2\/users\/4"}],"replies":[{"embeddable":true,"href":"https:\/\/aaccea-photo.org\/WP3\/wp-json\/wp\/v2\/comments?post=1189"}],"version-history":[{"count":5,"href":"https:\/\/aaccea-photo.org\/WP3\/wp-json\/wp\/v2\/posts\/1189\/revisions"}],"predecessor-version":[{"id":1217,"href":"https:\/\/aaccea-photo.org\/WP3\/wp-json\/wp\/v2\/posts\/1189\/revisions\/1217"}],"wp:attachment":[{"href":"https:\/\/aaccea-photo.org\/WP3\/wp-json\/wp\/v2\/media?parent=1189"}],"wp:term":[{"taxonomy":"category","embeddable":true,"href":"https:\/\/aaccea-photo.org\/WP3\/wp-json\/wp\/v2\/categories?post=1189"},{"taxonomy":"post_tag","embeddable":true,"href":"https:\/\/aaccea-photo.org\/WP3\/wp-json\/wp\/v2\/tags?post=1189"}],"curies":[{"name":"wp","href":"https:\/\/api.w.org\/{rel}","templated":true}]}}