{"id":1241,"date":"2013-10-18T09:51:39","date_gmt":"2013-10-18T07:51:39","guid":{"rendered":"http:\/\/aaccea-photo.org\/WP3\/?p=1241"},"modified":"2013-11-25T08:57:57","modified_gmt":"2013-11-25T07:57:57","slug":"sortie-passages-couverts","status":"publish","type":"post","link":"https:\/\/aaccea-photo.org\/WP3\/sortie-passages-couverts\/","title":{"rendered":"[Sortie] Passages Couverts"},"content":{"rendered":"<h2>La sortie<\/h2>\n<p>Les passages parisiens, sortie organis\u00e9 par Saclay-Vision<\/p>\n<h2>Les infos<\/h2>\n<p>Pour les nouveaux membres qui ne l&rsquo;auraient pas re\u00e7u, voici le petit document que j&rsquo;avais fait pour la sortie des passages couverts parisiens, laquelle aura lieu le 16 novembre prochain \u00e0 partir de 10 heures. Le rendez-vous est devant l&rsquo;entr\u00e9e de Saint-Eustache. En effet il vaut mieux venir par le RER (changement \u00e0 Massy-Palaiseau si vous prenez la ligne C \u00e0 Jouy ou Vauboyen) compte-tenu des difficult\u00e9s pour circuler et se garer \u00e0 Paris. Merci de me faire savoir par mail si vous \u00eates int\u00e9ress\u00e9s par cette sortie, que je sache \u00e0 peu pr\u00e8s combien on sera.<br \/>\n<a href=\"http:\/\/aaccea-photo.org\/WP3\/wp-content\/uploads\/2013\/10\/2013_SortiePassages.pdf\" target=\"_blank\">Petite documentation<\/a><\/p>\n<p><H2>Contact<\/h2>\n<p>Pour s\u2019inscrire, merci de contacter <a href=\"mailto:cgallas@orange.fr\">Claude GALLAS<\/a><\/p>\n<p><H2>Compte-rendu<\/H2><br \/>\n<a href=\"http:\/\/aaccea-photo.org\/WP3\/wp-content\/uploads\/2013\/10\/2013_CR_SortiePassagesCouverts.pdf\">Lire le Compte-Rendu<\/a><\/p>\n","protected":false},"excerpt":{"rendered":"<p>La sortie Les passages parisiens, sortie organis\u00e9 par Saclay-Vision Les infos Pour les nouveaux membres qui ne l&rsquo;auraient pas re\u00e7u, voici le petit document que j&rsquo;avais fait pour la sortie des passages couverts parisiens, laquelle aura lieu le 16 novembre prochain \u00e0 partir de 10 heures. Le rendez-vous est devant l&rsquo;entr\u00e9e de Saint-Eustache. En effet&hellip;<\/p>\n","protected":false},"author":4,"featured_media":0,"comment_status":"closed","ping_status":"closed","sticky":false,"template":"","format":"standard","meta":{"footnotes":""},"categories":[11],"tags":[],"_links":{"self":[{"href":"https:\/\/aaccea-photo.org\/WP3\/wp-json\/wp\/v2\/posts\/1241"}],"collection":[{"href":"https:\/\/aaccea-photo.org\/WP3\/wp-json\/wp\/v2\/posts"}],"about":[{"href":"https:\/\/aaccea-photo.org\/WP3\/wp-json\/wp\/v2\/types\/post"}],"author":[{"embeddable":true,"href":"https:\/\/aaccea-photo.org\/WP3\/wp-json\/wp\/v2\/users\/4"}],"replies":[{"embeddable":true,"href":"https:\/\/aaccea-photo.org\/WP3\/wp-json\/wp\/v2\/comments?post=1241"}],"version-history":[{"count":5,"href":"https:\/\/aaccea-photo.org\/WP3\/wp-json\/wp\/v2\/posts\/1241\/revisions"}],"predecessor-version":[{"id":1262,"href":"https:\/\/aaccea-photo.org\/WP3\/wp-json\/wp\/v2\/posts\/1241\/revisions\/1262"}],"wp:attachment":[{"href":"https:\/\/aaccea-photo.org\/WP3\/wp-json\/wp\/v2\/media?parent=1241"}],"wp:term":[{"taxonomy":"category","embeddable":true,"href":"https:\/\/aaccea-photo.org\/WP3\/wp-json\/wp\/v2\/categories?post=1241"},{"taxonomy":"post_tag","embeddable":true,"href":"https:\/\/aaccea-photo.org\/WP3\/wp-json\/wp\/v2\/tags?post=1241"}],"curies":[{"name":"wp","href":"https:\/\/api.w.org\/{rel}","templated":true}]}}