{"id":1313,"date":"2014-06-15T09:48:42","date_gmt":"2014-06-15T07:48:42","guid":{"rendered":"http:\/\/aaccea-photo.org\/WP3\/?p=1313"},"modified":"2014-09-18T16:49:11","modified_gmt":"2014-09-18T14:49:11","slug":"equitation-competition-caliban","status":"publish","type":"post","link":"https:\/\/aaccea-photo.org\/WP3\/equitation-competition-caliban\/","title":{"rendered":"[Reportage] Equitation comp\u00e9tition CALIBAN"},"content":{"rendered":"<p><img loading=\"lazy\" decoding=\"async\" class=\"alignleft\" src=\"http:\/\/ascea.saclay.tt.free.fr\/logoNEWASCEA.jpg\" alt=\"\" width=\"179\" height=\"112\" \/>La section \u00e9quitation organise une comp\u00e9tition\u00a0 coupe CALIBAN 2014 le 7-9 juin \u00e0 Avrainville (91)<br \/>\nLa section \u00e9questre voudrait quelques photographes pour couvrir les \u00e9preuves de dressage, de saut d\u2019obstacle et de cross pour ensuite en faire un DVD.<\/p>\n<p>&nbsp;<\/p>\n<p>les \u00e9preuves de dressages sont \u00e0 l\u2019int\u00e9rieur en man\u00e8ge le samedi apr\u00e8s midi.<br \/>\nLe dimanche matin c&rsquo;est un parcours orientation R\u00e9gularit\u00e9 en ext\u00e9rieur.<br \/>\nLe dimanche apr\u00e8s-midi c&rsquo;est le cross (saut d&rsquo;obstacles naturels)<br \/>\nLe lundi matin c&rsquo;est un concours de saut d&rsquo;obstacles.<\/p>\n<p><span style=\"text-decoration: underline;\">Date :<\/span> 7 au 9 juin 2014<br \/>\n<span style=\"text-decoration: underline;\">Lieu :<\/span> Ecurie du o&rsquo;takey Avrainville (91) <a href=\"http:\/\/www.ecuriesduotakey.fr\">http:\/\/www.ecuriesduotakey.fr<\/a><br \/>\n<span style=\"text-decoration: underline;\">Contact :<\/span> <a href=\"mailto:suresh.pajaniradja@cea.fr\">Suresh Pajaniradja<\/a><\/p>\n<p><span style=\"text-decoration: underline;\">Participants :<\/span> Suresh, R\u00e9gis, Philippe<\/p>\n<p><strong>GALERIE :<\/strong><\/p>\n<p>Samedi\u00a0 : <a href=\"http:\/\/phil.brun.free.fr\/Galeries\/Caliban2014\/\">Photos de Philippe<\/a> ; <a href=\"http:\/\/www.aaccea-photo.org\/Galeries\/2014_CALIBAN\/Samedi%20regis\/index.html\">Photos de R\u00e9gis<\/a><\/p>\n<p>Lundi\u00a0 : <a href=\"http:\/\/www.aaccea-photo.org\/Galeries\/2014_CALIBAN\/Lundi%20regis\/index.html\">Photos de R\u00e9gis<\/a><\/p>\n<p>Les 3 jours :<a href=\"http:\/\/www.aaccea-photo.org\/Galeries\/2014_CALIBAN\/3%20jours Suresh\/index.html\"> Photos Suresh<\/a><\/p>\n<p><strong>DIAPORAMA :<\/strong><\/p>\n<p><iframe loading=\"lazy\" src=\"\/\/www.youtube.com\/embed\/IhPg4ILDPH8\" width=\"595\" height=\"417\"><\/iframe><\/p>\n<p>&nbsp;<\/p>\n","protected":false},"excerpt":{"rendered":"<p>La section \u00e9quitation organise une comp\u00e9tition\u00a0 coupe CALIBAN 2014 le 7-9 juin \u00e0 Avrainville (91) La section \u00e9questre voudrait quelques photographes pour couvrir les \u00e9preuves de dressage, de saut d\u2019obstacle et de cross pour ensuite en faire un DVD. &nbsp; les \u00e9preuves de dressages sont \u00e0 l\u2019int\u00e9rieur en man\u00e8ge le samedi apr\u00e8s midi. Le dimanche&hellip;<\/p>\n","protected":false},"author":6,"featured_media":0,"comment_status":"closed","ping_status":"closed","sticky":false,"template":"","format":"standard","meta":{"footnotes":""},"categories":[9],"tags":[],"_links":{"self":[{"href":"https:\/\/aaccea-photo.org\/WP3\/wp-json\/wp\/v2\/posts\/1313"}],"collection":[{"href":"https:\/\/aaccea-photo.org\/WP3\/wp-json\/wp\/v2\/posts"}],"about":[{"href":"https:\/\/aaccea-photo.org\/WP3\/wp-json\/wp\/v2\/types\/post"}],"author":[{"embeddable":true,"href":"https:\/\/aaccea-photo.org\/WP3\/wp-json\/wp\/v2\/users\/6"}],"replies":[{"embeddable":true,"href":"https:\/\/aaccea-photo.org\/WP3\/wp-json\/wp\/v2\/comments?post=1313"}],"version-history":[{"count":17,"href":"https:\/\/aaccea-photo.org\/WP3\/wp-json\/wp\/v2\/posts\/1313\/revisions"}],"predecessor-version":[{"id":1444,"href":"https:\/\/aaccea-photo.org\/WP3\/wp-json\/wp\/v2\/posts\/1313\/revisions\/1444"}],"wp:attachment":[{"href":"https:\/\/aaccea-photo.org\/WP3\/wp-json\/wp\/v2\/media?parent=1313"}],"wp:term":[{"taxonomy":"category","embeddable":true,"href":"https:\/\/aaccea-photo.org\/WP3\/wp-json\/wp\/v2\/categories?post=1313"},{"taxonomy":"post_tag","embeddable":true,"href":"https:\/\/aaccea-photo.org\/WP3\/wp-json\/wp\/v2\/tags?post=1313"}],"curies":[{"name":"wp","href":"https:\/\/api.w.org\/{rel}","templated":true}]}}