{"id":1322,"date":"2014-03-28T12:20:03","date_gmt":"2014-03-28T11:20:03","guid":{"rendered":"http:\/\/aaccea-photo.org\/WP3\/?p=1322"},"modified":"2014-03-28T14:12:25","modified_gmt":"2014-03-28T13:12:25","slug":"appel-reportage-cross-inter-labo","status":"publish","type":"post","link":"https:\/\/aaccea-photo.org\/WP3\/appel-reportage-cross-inter-labo\/","title":{"rendered":"[Appel Reportage] Cross Inter-Labo"},"content":{"rendered":"<p><a href=\"http:\/\/aaccea-photo.org\/WP3\/wp-content\/uploads\/2014\/03\/AfficheBoisTeteRonde2014.pdf\"><img loading=\"lazy\" decoding=\"async\" style=\"float: left;\" alt=\"cross 2014\" src=\"http:\/\/aaccea-photo.org\/WP3\/wp-content\/uploads\/2013\/03\/300_AfficheBoisTeteRonde2013.jpg\" width=\"212\" height=\"300\" \/><\/a><\/p>\n<p>La section course \u00e0 pied organise le cross annuel du bois de la t\u00eate ronde. Le cross de 5600m se d\u00e9roule dans les bois et comporte 2 boucles.<\/p>\n<p><a href=\"http:\/\/asceacourseapied.jimdo.com\/\">http:\/\/asceacourseapied.jimdo.com\/<\/a><\/p>\n<p><a href=\"http:\/\/aaccea-photo.org\/WP3\/reportage_2013_cross-interlabo\/\">Reportage 2013<\/a><\/p>\n<p>Date : Jeudi 10 avril 11h45<br \/>\nLieu : Villiers le B\u00e2cle, bois de la t\u00eate ronde<br \/>\nContact : <a href=\"mailto:Suresh.pajaniradja@cea.fr\">Suresh.pajaniradja<\/a><\/p>\n<p>&nbsp;<\/p>\n<p><span style=\"text-decoration: underline;\">Participants :<\/span> Suresh, R\u00e9gis<\/p>\n","protected":false},"excerpt":{"rendered":"<p>La section course \u00e0 pied organise le cross annuel du bois de la t\u00eate ronde. Le cross de 5600m se d\u00e9roule dans les bois et comporte 2 boucles. http:\/\/asceacourseapied.jimdo.com\/ Reportage 2013 Date : Jeudi 10 avril 11h45 Lieu : Villiers le B\u00e2cle, bois de la t\u00eate ronde Contact : Suresh.pajaniradja &nbsp; Participants : Suresh, R\u00e9gis<\/p>\n","protected":false},"author":6,"featured_media":0,"comment_status":"open","ping_status":"open","sticky":false,"template":"","format":"standard","meta":{"footnotes":""},"categories":[9],"tags":[],"_links":{"self":[{"href":"https:\/\/aaccea-photo.org\/WP3\/wp-json\/wp\/v2\/posts\/1322"}],"collection":[{"href":"https:\/\/aaccea-photo.org\/WP3\/wp-json\/wp\/v2\/posts"}],"about":[{"href":"https:\/\/aaccea-photo.org\/WP3\/wp-json\/wp\/v2\/types\/post"}],"author":[{"embeddable":true,"href":"https:\/\/aaccea-photo.org\/WP3\/wp-json\/wp\/v2\/users\/6"}],"replies":[{"embeddable":true,"href":"https:\/\/aaccea-photo.org\/WP3\/wp-json\/wp\/v2\/comments?post=1322"}],"version-history":[{"count":2,"href":"https:\/\/aaccea-photo.org\/WP3\/wp-json\/wp\/v2\/posts\/1322\/revisions"}],"predecessor-version":[{"id":1329,"href":"https:\/\/aaccea-photo.org\/WP3\/wp-json\/wp\/v2\/posts\/1322\/revisions\/1329"}],"wp:attachment":[{"href":"https:\/\/aaccea-photo.org\/WP3\/wp-json\/wp\/v2\/media?parent=1322"}],"wp:term":[{"taxonomy":"category","embeddable":true,"href":"https:\/\/aaccea-photo.org\/WP3\/wp-json\/wp\/v2\/categories?post=1322"},{"taxonomy":"post_tag","embeddable":true,"href":"https:\/\/aaccea-photo.org\/WP3\/wp-json\/wp\/v2\/tags?post=1322"}],"curies":[{"name":"wp","href":"https:\/\/api.w.org\/{rel}","templated":true}]}}