{"id":1338,"date":"2014-04-23T09:57:55","date_gmt":"2014-04-23T07:57:55","guid":{"rendered":"http:\/\/aaccea-photo.org\/WP3\/?p=1338"},"modified":"2014-04-23T09:59:15","modified_gmt":"2014-04-23T07:59:15","slug":"reportage-trail-bonnelles2014","status":"publish","type":"post","link":"https:\/\/aaccea-photo.org\/WP3\/reportage-trail-bonnelles2014\/","title":{"rendered":"[Reportage] Trail de l\u2019Orangerie de Bonnelles"},"content":{"rendered":"<h2>Le reportage<\/h2>\n<p>La mairie de Bonnelles organise le 18 mai 2014 le TRAIL de l\u2019Orangerie de Bonnelles et fait appel aux photographes de la section AAC-CEA photo pour couvrir la manifestation.<br \/>\nLes paysages sont superbes et vari\u00e9. Il y a 2 parcours propos\u00e9s 16 km et 36 km et permettent de travers\u00e9s la for\u00eat de Rambouillet de Bonnelles \u00e0 Clairefontaine en passant par Bullion, la Celle les Bordes.<br \/>\nLe point le plus \u00e9loign\u00e9 du d\u00e9part est \u00e0 12km et le 16 km est commun \u00e0 90% avec le 36 km.<\/p>\n<h2>Contact<\/h2>\n<p>Merci de contacter <a href=\"mailto:contact@sigridlaroubine.fr?subject=[Trail_Bonnelles]\" target=\"_blank\">Sigrid LAROUBINE<\/a> pour l&rsquo;inscription au reportage.<\/p>\n","protected":false},"excerpt":{"rendered":"<p>Le reportage La mairie de Bonnelles organise le 18 mai 2014 le TRAIL de l\u2019Orangerie de Bonnelles et fait appel aux photographes de la section AAC-CEA photo pour couvrir la manifestation. Les paysages sont superbes et vari\u00e9. Il y a 2 parcours propos\u00e9s 16 km et 36 km et permettent de travers\u00e9s la for\u00eat de&hellip;<\/p>\n","protected":false},"author":4,"featured_media":0,"comment_status":"closed","ping_status":"closed","sticky":false,"template":"","format":"standard","meta":{"footnotes":""},"categories":[9],"tags":[],"_links":{"self":[{"href":"https:\/\/aaccea-photo.org\/WP3\/wp-json\/wp\/v2\/posts\/1338"}],"collection":[{"href":"https:\/\/aaccea-photo.org\/WP3\/wp-json\/wp\/v2\/posts"}],"about":[{"href":"https:\/\/aaccea-photo.org\/WP3\/wp-json\/wp\/v2\/types\/post"}],"author":[{"embeddable":true,"href":"https:\/\/aaccea-photo.org\/WP3\/wp-json\/wp\/v2\/users\/4"}],"replies":[{"embeddable":true,"href":"https:\/\/aaccea-photo.org\/WP3\/wp-json\/wp\/v2\/comments?post=1338"}],"version-history":[{"count":1,"href":"https:\/\/aaccea-photo.org\/WP3\/wp-json\/wp\/v2\/posts\/1338\/revisions"}],"predecessor-version":[{"id":1339,"href":"https:\/\/aaccea-photo.org\/WP3\/wp-json\/wp\/v2\/posts\/1338\/revisions\/1339"}],"wp:attachment":[{"href":"https:\/\/aaccea-photo.org\/WP3\/wp-json\/wp\/v2\/media?parent=1338"}],"wp:term":[{"taxonomy":"category","embeddable":true,"href":"https:\/\/aaccea-photo.org\/WP3\/wp-json\/wp\/v2\/categories?post=1338"},{"taxonomy":"post_tag","embeddable":true,"href":"https:\/\/aaccea-photo.org\/WP3\/wp-json\/wp\/v2\/tags?post=1338"}],"curies":[{"name":"wp","href":"https:\/\/api.w.org\/{rel}","templated":true}]}}