{"id":1473,"date":"2014-10-27T08:44:40","date_gmt":"2014-10-27T07:44:40","guid":{"rendered":"http:\/\/aaccea-photo.org\/WP3\/?p=1473"},"modified":"2015-01-07T10:57:56","modified_gmt":"2015-01-07T09:57:56","slug":"montier_2014","status":"publish","type":"post","link":"https:\/\/aaccea-photo.org\/WP3\/montier_2014\/","title":{"rendered":"[Sortie]Montier-en-Der 2014"},"content":{"rendered":"<h2>Les infos<\/h2>\n<p>Comme chaque ann\u00e9e la section photo organise une sortie de deux jours au Festival de photo animali\u00e8re et de nature de Montier en Der qui cette ann\u00e9e se d\u00e9roulera le samedi 22 et le dimanche 23 novembre.<br \/>\n<span style=\"color: #ff6600;\">D\u00e9part le samedi \u00e0 7h et retour le dimanche en fin d\u2019apr\u00e8s-midi.<\/span><br \/>\nUne nuit d\u2019h\u00f4tel est pr\u00e9vue \u00e0 Saint-Dizier avec le repas du soir. Le trajet se fait en covoiturage au d\u00e9part des environs de Saclay.<br \/>\nCette sortie est tr\u00e8s agr\u00e9able et nombreux sont ceux qui reviennent chaque ann\u00e9e pour le plaisir de la convivialit\u00e9 autour de notre passion.<br \/>\nPar ailleurs, nul besoin d&rsquo;\u00eatre photographe animalier pour appr\u00e9cier la qualit\u00e9 exceptionnelle des photos expos\u00e9es.<\/p>\n<h2>Le festival<\/h2>\n<p><a href=\"http:\/\/aaccea-photo.org\/WP3\/wp-content\/uploads\/2014\/10\/2014_Montier.jpg\"><img loading=\"lazy\" decoding=\"async\" class=\"alignnone wp-image-1474 size-full\" src=\"http:\/\/aaccea-photo.org\/WP3\/wp-content\/uploads\/2014\/10\/2014_Montier.jpg\" alt=\"\" width=\"575\" height=\"814\" srcset=\"https:\/\/aaccea-photo.org\/WP3\/wp-content\/uploads\/2014\/10\/2014_Montier.jpg 575w, https:\/\/aaccea-photo.org\/WP3\/wp-content\/uploads\/2014\/10\/2014_Montier-211x300.jpg 211w\" sizes=\"(max-width: 575px) 100vw, 575px\" \/><\/a><\/p>\n<p>Pour plus d\u2019information :\u00a0<a href=\"http:\/\/www.festiphoto-montier.org\/afpan.htm\" target=\"_blank\">www.festiphoto-montier.org<\/a><\/p>\n<h2>Les inscrits<\/h2>\n<ul>\n<li>Philippe<\/li>\n<li>Louis<\/li>\n<li>Suresh<\/li>\n<li>Sylvain<\/li>\n<li>Sigrid<\/li>\n<li>Xavier<\/li>\n<\/ul>\n<h2><strong>PHOTOS<\/strong><\/h2>\n<p>galerie de Philippe : <a href=\"http:\/\/phil.brun.free.fr\/Galeries\/Montier2014\/\" target=\"_blank\">ICI <\/a><\/p>\n","protected":false},"excerpt":{"rendered":"<p>Les infos Comme chaque ann\u00e9e la section photo organise une sortie de deux jours au Festival de photo animali\u00e8re et de nature de Montier en Der qui cette ann\u00e9e se d\u00e9roulera le samedi 22 et le dimanche 23 novembre. D\u00e9part le samedi \u00e0 7h et retour le dimanche en fin d\u2019apr\u00e8s-midi. Une nuit d\u2019h\u00f4tel est&hellip;<\/p>\n","protected":false},"author":4,"featured_media":0,"comment_status":"closed","ping_status":"closed","sticky":false,"template":"","format":"standard","meta":{"footnotes":""},"categories":[11,1],"tags":[],"_links":{"self":[{"href":"https:\/\/aaccea-photo.org\/WP3\/wp-json\/wp\/v2\/posts\/1473"}],"collection":[{"href":"https:\/\/aaccea-photo.org\/WP3\/wp-json\/wp\/v2\/posts"}],"about":[{"href":"https:\/\/aaccea-photo.org\/WP3\/wp-json\/wp\/v2\/types\/post"}],"author":[{"embeddable":true,"href":"https:\/\/aaccea-photo.org\/WP3\/wp-json\/wp\/v2\/users\/4"}],"replies":[{"embeddable":true,"href":"https:\/\/aaccea-photo.org\/WP3\/wp-json\/wp\/v2\/comments?post=1473"}],"version-history":[{"count":4,"href":"https:\/\/aaccea-photo.org\/WP3\/wp-json\/wp\/v2\/posts\/1473\/revisions"}],"predecessor-version":[{"id":1504,"href":"https:\/\/aaccea-photo.org\/WP3\/wp-json\/wp\/v2\/posts\/1473\/revisions\/1504"}],"wp:attachment":[{"href":"https:\/\/aaccea-photo.org\/WP3\/wp-json\/wp\/v2\/media?parent=1473"}],"wp:term":[{"taxonomy":"category","embeddable":true,"href":"https:\/\/aaccea-photo.org\/WP3\/wp-json\/wp\/v2\/categories?post=1473"},{"taxonomy":"post_tag","embeddable":true,"href":"https:\/\/aaccea-photo.org\/WP3\/wp-json\/wp\/v2\/tags?post=1473"}],"curies":[{"name":"wp","href":"https:\/\/api.w.org\/{rel}","templated":true}]}}