{"id":1585,"date":"2015-06-03T13:52:10","date_gmt":"2015-06-03T11:52:10","guid":{"rendered":"http:\/\/aaccea-photo.org\/WP3\/?p=1585"},"modified":"2015-06-03T16:59:56","modified_gmt":"2015-06-03T14:59:56","slug":"reportage-50-ans-dosiris","status":"publish","type":"post","link":"https:\/\/aaccea-photo.org\/WP3\/reportage-50-ans-dosiris\/","title":{"rendered":"[Reportage] 50 ans d&rsquo;Osiris"},"content":{"rendered":"<p><img loading=\"lazy\" decoding=\"async\" class=\" alignleft\" src=\"https:\/\/encrypted-tbn3.gstatic.com\/images?q=tbn:ANd9GcTXkp8TPU1zjgYq2yogO8hQ6jdZn1HvG2kB_8mP_3QHb-fJiIWL\" alt=\"\" width=\"256\" height=\"197\" \/><\/p>\n<p>Le <span style=\"text-decoration: underline;\"><strong>18 Juin 2015 \u00e0 partir de 18h45 \u00e0 la rotonde<\/strong><\/span>.<\/p>\n<p>Pour les 50 ans d&rsquo;Osiris une soir\u00e9e sera organis\u00e9 de 19h \u00e0 2h du matin avec environ 300 personnes.<\/p>\n<p>La prestation demand\u00e9, consiste \u00e0 prendre en photo des personnes \u00e0 l\u2019arriv\u00e9e et au cours de la soir\u00e9e \u00e0 table ou \u00e0 la demande. Une animation avec un DJ et diff\u00e9rents discours sont pr\u00e9vu au cours de la soir\u00e9e.<\/p>\n<p>Si vous \u00eates int\u00e9ress\u00e9 et disponible, merci de nous <a href=\"mailto:permanents@aaccea-photo.org\">contacter<\/a> afin de vous inscrire aupr\u00e8s de la FLS et de pr\u00e9voir votre repas.<\/p>\n<p><strong>Participants :<\/strong><\/p>\n<ul>\n<li>Thierry Boussuge<\/li>\n<li>Gabriel Badeau<\/li>\n<li>Marc Omer<\/li>\n<\/ul>\n","protected":false},"excerpt":{"rendered":"<p>Le 18 Juin 2015 \u00e0 partir de 18h45 \u00e0 la rotonde. Pour les 50 ans d&rsquo;Osiris une soir\u00e9e sera organis\u00e9 de 19h \u00e0 2h du matin avec environ 300 personnes. La prestation demand\u00e9, consiste \u00e0 prendre en photo des personnes \u00e0 l\u2019arriv\u00e9e et au cours de la soir\u00e9e \u00e0 table ou \u00e0 la demande. Une&hellip;<\/p>\n","protected":false},"author":6,"featured_media":0,"comment_status":"closed","ping_status":"closed","sticky":false,"template":"","format":"standard","meta":{"footnotes":""},"categories":[9],"tags":[],"_links":{"self":[{"href":"https:\/\/aaccea-photo.org\/WP3\/wp-json\/wp\/v2\/posts\/1585"}],"collection":[{"href":"https:\/\/aaccea-photo.org\/WP3\/wp-json\/wp\/v2\/posts"}],"about":[{"href":"https:\/\/aaccea-photo.org\/WP3\/wp-json\/wp\/v2\/types\/post"}],"author":[{"embeddable":true,"href":"https:\/\/aaccea-photo.org\/WP3\/wp-json\/wp\/v2\/users\/6"}],"replies":[{"embeddable":true,"href":"https:\/\/aaccea-photo.org\/WP3\/wp-json\/wp\/v2\/comments?post=1585"}],"version-history":[{"count":9,"href":"https:\/\/aaccea-photo.org\/WP3\/wp-json\/wp\/v2\/posts\/1585\/revisions"}],"predecessor-version":[{"id":1662,"href":"https:\/\/aaccea-photo.org\/WP3\/wp-json\/wp\/v2\/posts\/1585\/revisions\/1662"}],"wp:attachment":[{"href":"https:\/\/aaccea-photo.org\/WP3\/wp-json\/wp\/v2\/media?parent=1585"}],"wp:term":[{"taxonomy":"category","embeddable":true,"href":"https:\/\/aaccea-photo.org\/WP3\/wp-json\/wp\/v2\/categories?post=1585"},{"taxonomy":"post_tag","embeddable":true,"href":"https:\/\/aaccea-photo.org\/WP3\/wp-json\/wp\/v2\/tags?post=1585"}],"curies":[{"name":"wp","href":"https:\/\/api.w.org\/{rel}","templated":true}]}}