{"id":1614,"date":"2015-04-14T11:17:23","date_gmt":"2015-04-14T09:17:23","guid":{"rendered":"http:\/\/aaccea-photo.org\/WP3\/?p=1614"},"modified":"2015-09-07T16:07:54","modified_gmt":"2015-09-07T14:07:54","slug":"reportagecross-inter-labo-2015","status":"publish","type":"post","link":"https:\/\/aaccea-photo.org\/WP3\/reportagecross-inter-labo-2015\/","title":{"rendered":"[Reportage]Cross Inter Labo 2015"},"content":{"rendered":"<p><a href=\"http:\/\/aaccea-photo.org\/WP3\/wp-content\/uploads\/2015\/04\/AfficheBoisTeteRonde2015.pdf\">AfficheBoisTeteRonde2015<\/a><\/p>\n<p><img loading=\"lazy\" decoding=\"async\" class=\" alignleft\" src=\"http:\/\/www.psuc-athletisme.fr\/web_images\/affiche_cross_cea_2015.jpg\" alt=\"\" width=\"187\" height=\"254\" \/>La section course \u00e0 pied organise le cross annuel du bois de la t\u00eate ronde. Le cross de 5600m se d\u00e9roule dans les bois et comporte 2 boucles.<\/p>\n<p><a href=\"http:\/\/asceacourseapied.jimdo.com\/\">http:\/\/asceacourseapied.jimdo.com\/<\/a><\/p>\n<p>Date : Jeudi 16 avril d\u00e9part 12h30<br \/>\nLieu : Villiers le B\u00e2cle, bois de la t\u00eate ronde<br \/>\nContact : <a href=\"mailto:Suresh.pajaniradja@cea.fr\">Suresh.pajaniradja<\/a><\/p>\n<p>Inscrit : R\u00e9gis<\/p>\n<p><a href=\"http:\/\/www.aaccea-photo.org\/Galeries\/2015_Inter_labo\/index.html\">Galerie des photos<\/a><\/p>\n","protected":false},"excerpt":{"rendered":"<p>AfficheBoisTeteRonde2015 La section course \u00e0 pied organise le cross annuel du bois de la t\u00eate ronde. Le cross de 5600m se d\u00e9roule dans les bois et comporte 2 boucles. http:\/\/asceacourseapied.jimdo.com\/ Date : Jeudi 16 avril d\u00e9part 12h30 Lieu : Villiers le B\u00e2cle, bois de la t\u00eate ronde Contact : Suresh.pajaniradja Inscrit : R\u00e9gis Galerie des&hellip;<\/p>\n","protected":false},"author":6,"featured_media":0,"comment_status":"closed","ping_status":"closed","sticky":false,"template":"","format":"standard","meta":{"footnotes":""},"categories":[9],"tags":[],"_links":{"self":[{"href":"https:\/\/aaccea-photo.org\/WP3\/wp-json\/wp\/v2\/posts\/1614"}],"collection":[{"href":"https:\/\/aaccea-photo.org\/WP3\/wp-json\/wp\/v2\/posts"}],"about":[{"href":"https:\/\/aaccea-photo.org\/WP3\/wp-json\/wp\/v2\/types\/post"}],"author":[{"embeddable":true,"href":"https:\/\/aaccea-photo.org\/WP3\/wp-json\/wp\/v2\/users\/6"}],"replies":[{"embeddable":true,"href":"https:\/\/aaccea-photo.org\/WP3\/wp-json\/wp\/v2\/comments?post=1614"}],"version-history":[{"count":3,"href":"https:\/\/aaccea-photo.org\/WP3\/wp-json\/wp\/v2\/posts\/1614\/revisions"}],"predecessor-version":[{"id":1627,"href":"https:\/\/aaccea-photo.org\/WP3\/wp-json\/wp\/v2\/posts\/1614\/revisions\/1627"}],"wp:attachment":[{"href":"https:\/\/aaccea-photo.org\/WP3\/wp-json\/wp\/v2\/media?parent=1614"}],"wp:term":[{"taxonomy":"category","embeddable":true,"href":"https:\/\/aaccea-photo.org\/WP3\/wp-json\/wp\/v2\/categories?post=1614"},{"taxonomy":"post_tag","embeddable":true,"href":"https:\/\/aaccea-photo.org\/WP3\/wp-json\/wp\/v2\/tags?post=1614"}],"curies":[{"name":"wp","href":"https:\/\/api.w.org\/{rel}","templated":true}]}}