{"id":1646,"date":"2015-05-13T16:55:09","date_gmt":"2015-05-13T14:55:09","guid":{"rendered":"http:\/\/aaccea-photo.org\/WP3\/?p=1646"},"modified":"2015-09-07T16:07:42","modified_gmt":"2015-09-07T14:07:42","slug":"sortie-meeting-aerien-de-la-ferte-alais","status":"publish","type":"post","link":"https:\/\/aaccea-photo.org\/WP3\/sortie-meeting-aerien-de-la-ferte-alais\/","title":{"rendered":"[sortie] Meeting a\u00e9rien de la Fert\u00e9-Alais"},"content":{"rendered":"<h2><\/h2>\n<p><img loading=\"lazy\" decoding=\"async\" class=\"alignleft\" src=\"http:\/\/www.ajbs.fr\/wp-content\/uploads\/2015\/02\/Affiche-2015-212x300.jpg\" alt=\"\" width=\"212\" height=\"300\" \/>L<em><strong>e <\/strong><\/em><strong><em>dimanche 24\u00a0<\/em><\/strong><em><strong> mai, <a href=\"http:\/\/www.ajbs.fr\/presentation-generale\/\">meeting a\u00e9rien de la Fert\u00e9 Alais<\/a><\/strong><\/em><\/p>\n<p>Pr\u00e9sentation de nombreux avions anciens et aussi plus r\u00e9cent en fin de journ\u00e9e avec cl\u00f4ture du meeting par la patrouille de France. Emplacement en contre bas du terrain (parking de l&rsquo;Intermarch\u00e9), seul les \u00e9volutions a\u00e9riennes sont visible, d\u00e9collage et atterrissages seront cach\u00e9 derri\u00e8re les arbres.<\/p>\n<p>Les personnes que cela int\u00e9resse peuvent <a href=\"mailto:regis.courbeyrette@cea.fr\">me contacter<\/a> pour organiser le co-voiturage et l&rsquo;endroit ou on se retrouve.<\/p>\n<p><span style=\"text-decoration: underline;\">Participants :<\/span> Sylvain et R\u00e9gis<\/p>\n<p><span style=\"text-decoration: underline;\">Galerie des photos : <\/span><a href=\"http:\/\/coyotopict.free.fr\/Aero\/Militaire\/2015\/ferte%20alais\/index.html\">Galerie de R\u00e9gis <\/a><\/p>\n","protected":false},"excerpt":{"rendered":"<p>Le dimanche 24\u00a0 mai, meeting a\u00e9rien de la Fert\u00e9 Alais Pr\u00e9sentation de nombreux avions anciens et aussi plus r\u00e9cent en fin de journ\u00e9e avec cl\u00f4ture du meeting par la patrouille de France. Emplacement en contre bas du terrain (parking de l&rsquo;Intermarch\u00e9), seul les \u00e9volutions a\u00e9riennes sont visible, d\u00e9collage et atterrissages seront cach\u00e9 derri\u00e8re les arbres.&hellip;<\/p>\n","protected":false},"author":6,"featured_media":0,"comment_status":"closed","ping_status":"closed","sticky":false,"template":"","format":"standard","meta":{"footnotes":""},"categories":[11],"tags":[],"_links":{"self":[{"href":"https:\/\/aaccea-photo.org\/WP3\/wp-json\/wp\/v2\/posts\/1646"}],"collection":[{"href":"https:\/\/aaccea-photo.org\/WP3\/wp-json\/wp\/v2\/posts"}],"about":[{"href":"https:\/\/aaccea-photo.org\/WP3\/wp-json\/wp\/v2\/types\/post"}],"author":[{"embeddable":true,"href":"https:\/\/aaccea-photo.org\/WP3\/wp-json\/wp\/v2\/users\/6"}],"replies":[{"embeddable":true,"href":"https:\/\/aaccea-photo.org\/WP3\/wp-json\/wp\/v2\/comments?post=1646"}],"version-history":[{"count":4,"href":"https:\/\/aaccea-photo.org\/WP3\/wp-json\/wp\/v2\/posts\/1646\/revisions"}],"predecessor-version":[{"id":1651,"href":"https:\/\/aaccea-photo.org\/WP3\/wp-json\/wp\/v2\/posts\/1646\/revisions\/1651"}],"wp:attachment":[{"href":"https:\/\/aaccea-photo.org\/WP3\/wp-json\/wp\/v2\/media?parent=1646"}],"wp:term":[{"taxonomy":"category","embeddable":true,"href":"https:\/\/aaccea-photo.org\/WP3\/wp-json\/wp\/v2\/categories?post=1646"},{"taxonomy":"post_tag","embeddable":true,"href":"https:\/\/aaccea-photo.org\/WP3\/wp-json\/wp\/v2\/tags?post=1646"}],"curies":[{"name":"wp","href":"https:\/\/api.w.org\/{rel}","templated":true}]}}