{"id":1652,"date":"2015-05-29T16:25:21","date_gmt":"2015-05-29T14:25:21","guid":{"rendered":"http:\/\/aaccea-photo.org\/WP3\/?p=1652"},"modified":"2015-09-07T16:07:28","modified_gmt":"2015-09-07T14:07:28","slug":"reportagejournees-famille-et-amis","status":"publish","type":"post","link":"https:\/\/aaccea-photo.org\/WP3\/reportagejournees-famille-et-amis\/","title":{"rendered":"[Reportage]Journ\u00e9es Famille et amis"},"content":{"rendered":"<p><img loading=\"lazy\" decoding=\"async\" class=\" alignleft\" src=\"http:\/\/irfu.cea.fr\/Phocea\/file.php?class=pere&amp;file=Images\/News\/3219\/JAF.jpg\" alt=\"\" width=\"250\" height=\"315\" \/>Pour les <strong>journ\u00e9es famille et amis<\/strong> du 13 et 14 juin l&rsquo;AAC-CEA nous demande des photos d&rsquo;ambiance de l&rsquo;esplanade (devant le b\u00e2timent 543) ou il y aura pas mal d&rsquo;activit\u00e9s man\u00e8ges pour enfants, camion de la FLS, d\u00e9monstration de l&rsquo;ASCEA.<\/p>\n<p>L&rsquo;id\u00e9e n&rsquo;est pas forc\u00e9ment d&rsquo;y rester la journ\u00e9e mais juste y passer une heure pour r\u00e9aliser quelques photos des familles et amis.<\/p>\n<p><span style=\"color: #ff0000;\">ATTENTION<\/span> m\u00eame si vous venez avec votre famille, il faut vous inscrire pour pouvoir venir prendre les photos, afin de vous fournir un badge et une autorisation de prise de vue.<\/p>\n<p>Pour plus d&rsquo;informations sur le programme et les horaires : <a href=\"http:\/\/www-saclay.cea.fr\/jfa\/programme.php\">ICI<\/a><\/p>\n<p>Les personnes int\u00e9ress\u00e9s peuvent me <a href=\"mailto:regis.courbeyrette@cea.fr\">contacter<\/a>.<\/p>\n<p><strong>Participant :<\/strong> Marc Omer<\/p>\n","protected":false},"excerpt":{"rendered":"<p>Pour les journ\u00e9es famille et amis du 13 et 14 juin l&rsquo;AAC-CEA nous demande des photos d&rsquo;ambiance de l&rsquo;esplanade (devant le b\u00e2timent 543) ou il y aura pas mal d&rsquo;activit\u00e9s man\u00e8ges pour enfants, camion de la FLS, d\u00e9monstration de l&rsquo;ASCEA. L&rsquo;id\u00e9e n&rsquo;est pas forc\u00e9ment d&rsquo;y rester la journ\u00e9e mais juste y passer une heure pour&hellip;<\/p>\n","protected":false},"author":6,"featured_media":0,"comment_status":"closed","ping_status":"closed","sticky":false,"template":"","format":"standard","meta":{"footnotes":""},"categories":[9],"tags":[],"_links":{"self":[{"href":"https:\/\/aaccea-photo.org\/WP3\/wp-json\/wp\/v2\/posts\/1652"}],"collection":[{"href":"https:\/\/aaccea-photo.org\/WP3\/wp-json\/wp\/v2\/posts"}],"about":[{"href":"https:\/\/aaccea-photo.org\/WP3\/wp-json\/wp\/v2\/types\/post"}],"author":[{"embeddable":true,"href":"https:\/\/aaccea-photo.org\/WP3\/wp-json\/wp\/v2\/users\/6"}],"replies":[{"embeddable":true,"href":"https:\/\/aaccea-photo.org\/WP3\/wp-json\/wp\/v2\/comments?post=1652"}],"version-history":[{"count":4,"href":"https:\/\/aaccea-photo.org\/WP3\/wp-json\/wp\/v2\/posts\/1652\/revisions"}],"predecessor-version":[{"id":1659,"href":"https:\/\/aaccea-photo.org\/WP3\/wp-json\/wp\/v2\/posts\/1652\/revisions\/1659"}],"wp:attachment":[{"href":"https:\/\/aaccea-photo.org\/WP3\/wp-json\/wp\/v2\/media?parent=1652"}],"wp:term":[{"taxonomy":"category","embeddable":true,"href":"https:\/\/aaccea-photo.org\/WP3\/wp-json\/wp\/v2\/categories?post=1652"},{"taxonomy":"post_tag","embeddable":true,"href":"https:\/\/aaccea-photo.org\/WP3\/wp-json\/wp\/v2\/tags?post=1652"}],"curies":[{"name":"wp","href":"https:\/\/api.w.org\/{rel}","templated":true}]}}