{"id":1672,"date":"2015-08-02T10:30:14","date_gmt":"2015-08-02T08:30:14","guid":{"rendered":"http:\/\/aaccea-photo.org\/WP3\/?p=1672"},"modified":"2015-11-13T12:04:48","modified_gmt":"2015-11-13T11:04:48","slug":"sortie-festival-photo-de-montier-en-der","status":"publish","type":"post","link":"https:\/\/aaccea-photo.org\/WP3\/sortie-festival-photo-de-montier-en-der\/","title":{"rendered":"[Sortie] Festival Photo de Montier en Der"},"content":{"rendered":"<h2>Les infos<\/h2>\n<p>Comme chaque ann\u00e9e la section photo organise une sortie de deux jours au Festival de photo animali\u00e8re et de nature de Montier en Der qui cette ann\u00e9e se d\u00e9roulera le samedi 21 et le dimanche 22 novembre.<br \/>\n<span style=\"color: #ff6600;\">D\u00e9part le samedi \u00e0 7h et retour le dimanche en fin d\u2019apr\u00e8s-midi.<\/span><br \/>\nUne nuit d\u2019h\u00f4tel est pr\u00e9vue \u00e0 Saint-Dizier avec le repas du soir. Le trajet se fait en covoiturage au d\u00e9part des environs de Saclay.<br \/>\nCette sortie est tr\u00e8s agr\u00e9able et nombreux sont ceux qui reviennent chaque ann\u00e9e pour le plaisir de la convivialit\u00e9 autour de notre passion.<br \/>\nPar ailleurs, nul besoin d&rsquo;\u00eatre photographe animalier pour appr\u00e9cier la qualit\u00e9 exceptionnelle des photos expos\u00e9es.<\/p>\n<h2>Le festival<\/h2>\n<p><img loading=\"lazy\" decoding=\"async\" class=\"alignnone\" src=\"http:\/\/www.festiphoto-montier.org\/assets\/images\/fond\/affiche-2015.jpg\" alt=\"\" width=\"663\" height=\"814\" \/><\/p>\n<p>Pour plus d\u2019information :\u00a0<a href=\"http:\/\/www.festiphoto-montier.org\/\" target=\"_blank\">www.festiphoto-montier.org<\/a><\/p>\n<h3><strong>ATTENTION Si vous \u00eates int\u00e9ress\u00e9 par cette sortie confirmer votre inscription avant mercredi 24 juin <a href=\"mailto:BRUN.Philippe@cea.fr\">contact<\/a><\/strong><\/h3>\n<h2>Les inscrits<\/h2>\n<ul>\n<li>Philippe<\/li>\n<li>Alain<\/li>\n<li>Xavier<\/li>\n<li>Suresh<\/li>\n<li>Sigrid<\/li>\n<li>Sylvain<\/li>\n<\/ul>\n","protected":false},"excerpt":{"rendered":"<p>Les infos Comme chaque ann\u00e9e la section photo organise une sortie de deux jours au Festival de photo animali\u00e8re et de nature de Montier en Der qui cette ann\u00e9e se d\u00e9roulera le samedi 21 et le dimanche 22 novembre. D\u00e9part le samedi \u00e0 7h et retour le dimanche en fin d\u2019apr\u00e8s-midi. Une nuit d\u2019h\u00f4tel est&hellip;<\/p>\n","protected":false},"author":6,"featured_media":0,"comment_status":"closed","ping_status":"closed","sticky":false,"template":"","format":"standard","meta":{"footnotes":""},"categories":[11],"tags":[],"_links":{"self":[{"href":"https:\/\/aaccea-photo.org\/WP3\/wp-json\/wp\/v2\/posts\/1672"}],"collection":[{"href":"https:\/\/aaccea-photo.org\/WP3\/wp-json\/wp\/v2\/posts"}],"about":[{"href":"https:\/\/aaccea-photo.org\/WP3\/wp-json\/wp\/v2\/types\/post"}],"author":[{"embeddable":true,"href":"https:\/\/aaccea-photo.org\/WP3\/wp-json\/wp\/v2\/users\/6"}],"replies":[{"embeddable":true,"href":"https:\/\/aaccea-photo.org\/WP3\/wp-json\/wp\/v2\/comments?post=1672"}],"version-history":[{"count":7,"href":"https:\/\/aaccea-photo.org\/WP3\/wp-json\/wp\/v2\/posts\/1672\/revisions"}],"predecessor-version":[{"id":1753,"href":"https:\/\/aaccea-photo.org\/WP3\/wp-json\/wp\/v2\/posts\/1672\/revisions\/1753"}],"wp:attachment":[{"href":"https:\/\/aaccea-photo.org\/WP3\/wp-json\/wp\/v2\/media?parent=1672"}],"wp:term":[{"taxonomy":"category","embeddable":true,"href":"https:\/\/aaccea-photo.org\/WP3\/wp-json\/wp\/v2\/categories?post=1672"},{"taxonomy":"post_tag","embeddable":true,"href":"https:\/\/aaccea-photo.org\/WP3\/wp-json\/wp\/v2\/tags?post=1672"}],"curies":[{"name":"wp","href":"https:\/\/api.w.org\/{rel}","templated":true}]}}