{"id":1897,"date":"2016-04-11T12:02:55","date_gmt":"2016-04-11T10:02:55","guid":{"rendered":"http:\/\/aaccea-photo.org\/WP3\/?p=1897"},"modified":"2017-08-09T11:00:06","modified_gmt":"2017-08-09T09:00:06","slug":"reportagefete-de-la-musique-et-du-sport-2","status":"publish","type":"post","link":"https:\/\/aaccea-photo.org\/WP3\/reportagefete-de-la-musique-et-du-sport-2\/","title":{"rendered":"[Reportage]F\u00eate de la musique et du sport"},"content":{"rendered":"<p>A l&rsquo;occasion de la <span style=\"text-decoration: underline;\"><em><strong>f\u00eate de la musique et du sport sur le centre CEA\/Saclay<\/strong><\/em><\/span> le vendredi 17 Juin nous sommes sollicit\u00e9 par le centre CEA pour r\u00e9aliser des photos de la course relais.<\/p>\n<p><strong>Mission 1 :<\/strong><br \/>\n&#8211; Photo d&rsquo;\u00e9quipes<\/p>\n<p><strong>Missions 2 :<\/strong><br \/>\n&#8211; Reportage libre d&rsquo;ambiance de la course<\/p>\n<p>Si vous souhaitez participer <a href=\"mailto:permanents@aaccea-photo.org\">Contact<\/a>, en pr\u00e9cisant quelle mission vous r\u00e9aliserez.<\/p>\n<h2><span style=\"text-decoration: underline;\">*Participants*<\/span><\/h2>\n","protected":false},"excerpt":{"rendered":"<p>A l&rsquo;occasion de la f\u00eate de la musique et du sport sur le centre CEA\/Saclay le vendredi 17 Juin nous sommes sollicit\u00e9 par le centre CEA pour r\u00e9aliser des photos de la course relais. Mission 1 : &#8211; Photo d&rsquo;\u00e9quipes Missions 2 : &#8211; Reportage libre d&rsquo;ambiance de la course Si vous souhaitez participer Contact,&hellip;<\/p>\n","protected":false},"author":6,"featured_media":0,"comment_status":"closed","ping_status":"closed","sticky":false,"template":"","format":"standard","meta":{"footnotes":""},"categories":[9],"tags":[],"_links":{"self":[{"href":"https:\/\/aaccea-photo.org\/WP3\/wp-json\/wp\/v2\/posts\/1897"}],"collection":[{"href":"https:\/\/aaccea-photo.org\/WP3\/wp-json\/wp\/v2\/posts"}],"about":[{"href":"https:\/\/aaccea-photo.org\/WP3\/wp-json\/wp\/v2\/types\/post"}],"author":[{"embeddable":true,"href":"https:\/\/aaccea-photo.org\/WP3\/wp-json\/wp\/v2\/users\/6"}],"replies":[{"embeddable":true,"href":"https:\/\/aaccea-photo.org\/WP3\/wp-json\/wp\/v2\/comments?post=1897"}],"version-history":[{"count":1,"href":"https:\/\/aaccea-photo.org\/WP3\/wp-json\/wp\/v2\/posts\/1897\/revisions"}],"predecessor-version":[{"id":1898,"href":"https:\/\/aaccea-photo.org\/WP3\/wp-json\/wp\/v2\/posts\/1897\/revisions\/1898"}],"wp:attachment":[{"href":"https:\/\/aaccea-photo.org\/WP3\/wp-json\/wp\/v2\/media?parent=1897"}],"wp:term":[{"taxonomy":"category","embeddable":true,"href":"https:\/\/aaccea-photo.org\/WP3\/wp-json\/wp\/v2\/categories?post=1897"},{"taxonomy":"post_tag","embeddable":true,"href":"https:\/\/aaccea-photo.org\/WP3\/wp-json\/wp\/v2\/tags?post=1897"}],"curies":[{"name":"wp","href":"https:\/\/api.w.org\/{rel}","templated":true}]}}