{"id":1899,"date":"2016-04-12T11:24:36","date_gmt":"2016-04-12T09:24:36","guid":{"rendered":"http:\/\/aaccea-photo.org\/WP3\/?p=1899"},"modified":"2017-08-09T11:00:12","modified_gmt":"2017-08-09T09:00:12","slug":"reportagecoupe-rose","status":"publish","type":"post","link":"https:\/\/aaccea-photo.org\/WP3\/reportagecoupe-rose\/","title":{"rendered":"[Reportage]Coupe Rose"},"content":{"rendered":"<h1 style=\"text-align: center;\"><strong>7\u00e8me \u00e9dition Coupe Nationale de Raid Orientation Sportif par <a href=\"http:\/\/aaccea-photo.org\/WP3\/wp-content\/uploads\/2016\/04\/couperose2016.jpg\" rel=\"attachment wp-att-1900\"><img loading=\"lazy\" decoding=\"async\" class=\"alignleft wp-image-1900\" src=\"http:\/\/aaccea-photo.org\/WP3\/wp-content\/uploads\/2016\/04\/couperose2016.jpg\" alt=\"couperose2016\" width=\"226\" height=\"180\" srcset=\"https:\/\/aaccea-photo.org\/WP3\/wp-content\/uploads\/2016\/04\/couperose2016.jpg 735w, https:\/\/aaccea-photo.org\/WP3\/wp-content\/uploads\/2016\/04\/couperose2016-300x239.jpg 300w\" sizes=\"(max-width: 226px) 100vw, 226px\" \/><\/a>\u00e9quipe.<\/strong><\/h1>\n<h3 style=\"text-align: center;\">Le samedi 28 et dimanche 29 mai 2016.<\/h3>\n<p>&nbsp;<\/p>\n<p style=\"text-align: center;\">le samedi 28 mai 2016 \u00e0 partir de 9h30 au camping le Nid vert de Mondeville<br \/>\n(25 ter rue de Ballancourt, 91590 MONDEVILLE, Te\u0301l : 01 64 98 31 44).<\/p>\n<h2><span style=\"text-decoration: underline;\"><strong>*Description*<\/strong><\/span><\/h2>\n<p>Les photographes seront loger sous tente (comme les participants) et les repas seront prise en charge par l&rsquo;AS-CEA, il est aussi possible de ne venir que sur une journ\u00e9e le samedi ou dimanche.<\/p>\n<p>La coupe ROSE se d\u00e9roule en\u00a0 3 \u00e9tapes :<br \/>\n&#8211; 7 heures le samedi apr\u00e8s-midi<br \/>\n&#8211; environ 3 heures dans la nuit du samedi au dimanche<br \/>\n&#8211; environ 4 heures le dimanche matin.<\/p>\n<p>Les sports pratiqu\u00e9s seront le VTT, la course \u00e0 pied, l\u2019orientation, le cano\u00e9 et des \u00e9preuves plus sp\u00e9cifiques.<\/p>\n<h2><span style=\"text-decoration: underline;\"><strong>*Participants*<\/strong><\/span><\/h2>\n<p>Pour participer au reportage, <a href=\"mailto:permanents@aaccea-photo.org\" target=\"_blank\" rel=\"noopener noreferrer\">contact<\/a> en pr\u00e9cisant si vous y allez les 2 jours ou seulement le samedi ou dimanche.<\/p>\n<p>-Xavier<\/p>\n","protected":false},"excerpt":{"rendered":"<p>7\u00e8me \u00e9dition Coupe Nationale de Raid Orientation Sportif par \u00e9quipe. Le samedi 28 et dimanche 29 mai 2016. &nbsp; le samedi 28 mai 2016 \u00e0 partir de 9h30 au camping le Nid vert de Mondeville (25 ter rue de Ballancourt, 91590 MONDEVILLE, Te\u0301l : 01 64 98 31 44). *Description* Les photographes seront loger sous&hellip;<\/p>\n","protected":false},"author":6,"featured_media":0,"comment_status":"closed","ping_status":"closed","sticky":false,"template":"","format":"standard","meta":{"footnotes":""},"categories":[9],"tags":[],"_links":{"self":[{"href":"https:\/\/aaccea-photo.org\/WP3\/wp-json\/wp\/v2\/posts\/1899"}],"collection":[{"href":"https:\/\/aaccea-photo.org\/WP3\/wp-json\/wp\/v2\/posts"}],"about":[{"href":"https:\/\/aaccea-photo.org\/WP3\/wp-json\/wp\/v2\/types\/post"}],"author":[{"embeddable":true,"href":"https:\/\/aaccea-photo.org\/WP3\/wp-json\/wp\/v2\/users\/6"}],"replies":[{"embeddable":true,"href":"https:\/\/aaccea-photo.org\/WP3\/wp-json\/wp\/v2\/comments?post=1899"}],"version-history":[{"count":6,"href":"https:\/\/aaccea-photo.org\/WP3\/wp-json\/wp\/v2\/posts\/1899\/revisions"}],"predecessor-version":[{"id":2141,"href":"https:\/\/aaccea-photo.org\/WP3\/wp-json\/wp\/v2\/posts\/1899\/revisions\/2141"}],"wp:attachment":[{"href":"https:\/\/aaccea-photo.org\/WP3\/wp-json\/wp\/v2\/media?parent=1899"}],"wp:term":[{"taxonomy":"category","embeddable":true,"href":"https:\/\/aaccea-photo.org\/WP3\/wp-json\/wp\/v2\/categories?post=1899"},{"taxonomy":"post_tag","embeddable":true,"href":"https:\/\/aaccea-photo.org\/WP3\/wp-json\/wp\/v2\/tags?post=1899"}],"curies":[{"name":"wp","href":"https:\/\/api.w.org\/{rel}","templated":true}]}}