{"id":1924,"date":"2016-09-02T14:17:46","date_gmt":"2016-09-02T12:17:46","guid":{"rendered":"http:\/\/aaccea-photo.org\/WP3\/?p=1924"},"modified":"2017-11-27T16:28:48","modified_gmt":"2017-11-27T15:28:48","slug":"sortiemontier-en-der","status":"publish","type":"post","link":"https:\/\/aaccea-photo.org\/WP3\/sortiemontier-en-der\/","title":{"rendered":"[Sortie]Montier en Der"},"content":{"rendered":"<h2>Les infos<\/h2>\n<h2><img loading=\"lazy\" decoding=\"async\" class=\"alignleft\" src=\"http:\/\/www.festiphoto-montier.org\/wp-content\/uploads\/2016\/05\/Affiche-montier-2016-JPEG-BD.jpg\" width=\"138\" height=\"205\" \/><\/h2>\n<p>Comme chaque ann\u00e9e la section photo organise une sortie de deux jours au Festival de photo animali\u00e8re et de nature de Montier en Der.<\/p>\n<p>&nbsp;<\/p>\n<p>.<br \/>\nCette ann\u00e9e elle se d\u00e9roulera le samedi 19 et le dimanche 20 novembre.<\/p>\n<p>-&gt; <em><strong>D\u00e9part<\/strong> <\/em>le samedi 19 novembre matin vers 7h30 en covoiturage<br \/>\n&lt;- <em><strong>Retour<\/strong><\/em> le dimanche 20 novembre dans l\u2019apr\u00e8s-midi.<\/p>\n<p>Une nuit d\u2019h\u00f4tel est pr\u00e9vue \u00e0 Saint-Dizier avec le repas du soir. Le trajet se fait en covoiturage au d\u00e9part des environs de Saclay.<br \/>\nCette sortie est tr\u00e8s agr\u00e9able et nombreux sont ceux qui reviennent chaque ann\u00e9e pour le plaisir de la convivialit\u00e9 autour de notre passion.<br \/>\nPar ailleurs, nul besoin d&rsquo;\u00eatre photographe animalier pour appr\u00e9cier la qualit\u00e9 exceptionnelle des photos expos\u00e9es.<\/p>\n<h2>Le festival<\/h2>\n<p>Pour plus d\u2019information :\u00a0<a href=\"http:\/\/www.festiphoto-montier.org\/\" target=\"_blank\" rel=\"noopener\">www.festiphoto-montier.org<\/a><\/p>\n<h2>Les inscrits<\/h2>\n<ul>\n<li>Philippe<\/li>\n<li>Sylvain<\/li>\n<li>Louis<\/li>\n<li>Xavier<\/li>\n<li>Suresh<\/li>\n<li>Yves<\/li>\n<li>Jean-Yves<\/li>\n<\/ul>\n<p><a href=\"http:\/\/aaccea-photo.org\/WP3\/wp-content\/uploads\/2016\/09\/Unknown.jpeg\"><img loading=\"lazy\" decoding=\"async\" class=\"alignleft size-full wp-image-2230\" src=\"http:\/\/aaccea-photo.org\/WP3\/wp-content\/uploads\/2016\/09\/Unknown.jpeg\" alt=\"\" width=\"1600\" height=\"1068\" srcset=\"https:\/\/aaccea-photo.org\/WP3\/wp-content\/uploads\/2016\/09\/Unknown.jpeg 1600w, https:\/\/aaccea-photo.org\/WP3\/wp-content\/uploads\/2016\/09\/Unknown-300x200.jpeg 300w, https:\/\/aaccea-photo.org\/WP3\/wp-content\/uploads\/2016\/09\/Unknown-768x513.jpeg 768w, https:\/\/aaccea-photo.org\/WP3\/wp-content\/uploads\/2016\/09\/Unknown-1024x684.jpeg 1024w\" sizes=\"(max-width: 1600px) 100vw, 1600px\" \/><\/a><\/p>\n","protected":false},"excerpt":{"rendered":"<p>Les infos Comme chaque ann\u00e9e la section photo organise une sortie de deux jours au Festival de photo animali\u00e8re et de nature de Montier en Der. &nbsp; . Cette ann\u00e9e elle se d\u00e9roulera le samedi 19 et le dimanche 20 novembre. -&gt; D\u00e9part le samedi 19 novembre matin vers 7h30 en covoiturage &lt;- Retour le&hellip;<\/p>\n","protected":false},"author":6,"featured_media":0,"comment_status":"closed","ping_status":"closed","sticky":false,"template":"","format":"standard","meta":{"footnotes":""},"categories":[11],"tags":[],"_links":{"self":[{"href":"https:\/\/aaccea-photo.org\/WP3\/wp-json\/wp\/v2\/posts\/1924"}],"collection":[{"href":"https:\/\/aaccea-photo.org\/WP3\/wp-json\/wp\/v2\/posts"}],"about":[{"href":"https:\/\/aaccea-photo.org\/WP3\/wp-json\/wp\/v2\/types\/post"}],"author":[{"embeddable":true,"href":"https:\/\/aaccea-photo.org\/WP3\/wp-json\/wp\/v2\/users\/6"}],"replies":[{"embeddable":true,"href":"https:\/\/aaccea-photo.org\/WP3\/wp-json\/wp\/v2\/comments?post=1924"}],"version-history":[{"count":10,"href":"https:\/\/aaccea-photo.org\/WP3\/wp-json\/wp\/v2\/posts\/1924\/revisions"}],"predecessor-version":[{"id":2231,"href":"https:\/\/aaccea-photo.org\/WP3\/wp-json\/wp\/v2\/posts\/1924\/revisions\/2231"}],"wp:attachment":[{"href":"https:\/\/aaccea-photo.org\/WP3\/wp-json\/wp\/v2\/media?parent=1924"}],"wp:term":[{"taxonomy":"category","embeddable":true,"href":"https:\/\/aaccea-photo.org\/WP3\/wp-json\/wp\/v2\/categories?post=1924"},{"taxonomy":"post_tag","embeddable":true,"href":"https:\/\/aaccea-photo.org\/WP3\/wp-json\/wp\/v2\/tags?post=1924"}],"curies":[{"name":"wp","href":"https:\/\/api.w.org\/{rel}","templated":true}]}}