{"id":1947,"date":"2016-05-25T11:35:17","date_gmt":"2016-05-25T09:35:17","guid":{"rendered":"http:\/\/aaccea-photo.org\/WP3\/?p=1947"},"modified":"2017-08-09T10:59:58","modified_gmt":"2017-08-09T08:59:58","slug":"formation-initiation-a-la-photo-animaliere","status":"publish","type":"post","link":"https:\/\/aaccea-photo.org\/WP3\/formation-initiation-a-la-photo-animaliere\/","title":{"rendered":"[Formation] initiation \u00e0 la photo animali\u00e8re"},"content":{"rendered":"<h1><em><strong>Journ\u00e9e d\u2019initiation \u00e0 la photo animali\u00e8re.<\/strong><\/em><\/h1>\n<p><img loading=\"lazy\" decoding=\"async\" class=\"aligncenter\" src=\"http:\/\/photos2.meetupstatic.com\/photos\/event\/1\/1\/e\/d\/600_450244589.jpeg\" width=\"383\" height=\"255\" \/><\/p>\n<h3 style=\"text-align: center;\">Mr Louis Arrivet, notre sp\u00e9cialiste de la photo animali\u00e8re \u00e0 la section<br \/>\n(je vous invite \u00e0 visiter son site <a href=\"http:\/\/www.lephotonaute.fr\/\" target=\"_blank\">ICI<\/a>) organise :<\/h3>\n<h3 style=\"text-align: center;\"><strong>le samedi 02 juillet une journ\u00e9e d&rsquo;initiation \u00e0 la photo animali\u00e8re \u00e0 l&rsquo;espace Rambouillet.<\/strong><\/h3>\n<h3 style=\"text-align: center;\">Cette formation se d\u00e9roulera sur la journ\u00e9e de 9h45 \u00e0 18h30, une participation de 25\u20ac est demand\u00e9 pour la location de la salle et l&rsquo;entr\u00e9e sur le parc.<\/h3>\n<p>Vous trouverez toutes sur le site Meetup \u00e0 <a href=\"http:\/\/www.meetup.com\/fr-FR\/Meetup-Photographie-animaliere\/events\/231167479\/\" target=\"_blank\">cette adresse<\/a>.<\/p>\n<p>Pour vous inscrire \u00e0 l&rsquo;initiation, inscrivez-vous sur le site <a href=\"http:\/\/www.meetup.com\/fr-FR\/Meetup-Photographie-animaliere\/events\/231167479\/\">meetup<\/a> (c&rsquo;est gratuit) en cliquant sur REJOINDRE \u00e0 droite. Sinon en cas de probl\u00e8me vous pouvez contacter <a href=\"mailto:louis.arrivet@cea.fr\">Louis Arrivet<\/a><\/p>\n","protected":false},"excerpt":{"rendered":"<p>Journ\u00e9e d\u2019initiation \u00e0 la photo animali\u00e8re. Mr Louis Arrivet, notre sp\u00e9cialiste de la photo animali\u00e8re \u00e0 la section (je vous invite \u00e0 visiter son site ICI) organise : le samedi 02 juillet une journ\u00e9e d&rsquo;initiation \u00e0 la photo animali\u00e8re \u00e0 l&rsquo;espace Rambouillet. Cette formation se d\u00e9roulera sur la journ\u00e9e de 9h45 \u00e0 18h30, une participation&hellip;<\/p>\n","protected":false},"author":6,"featured_media":0,"comment_status":"closed","ping_status":"closed","sticky":false,"template":"","format":"standard","meta":{"footnotes":""},"categories":[19],"tags":[],"_links":{"self":[{"href":"https:\/\/aaccea-photo.org\/WP3\/wp-json\/wp\/v2\/posts\/1947"}],"collection":[{"href":"https:\/\/aaccea-photo.org\/WP3\/wp-json\/wp\/v2\/posts"}],"about":[{"href":"https:\/\/aaccea-photo.org\/WP3\/wp-json\/wp\/v2\/types\/post"}],"author":[{"embeddable":true,"href":"https:\/\/aaccea-photo.org\/WP3\/wp-json\/wp\/v2\/users\/6"}],"replies":[{"embeddable":true,"href":"https:\/\/aaccea-photo.org\/WP3\/wp-json\/wp\/v2\/comments?post=1947"}],"version-history":[{"count":5,"href":"https:\/\/aaccea-photo.org\/WP3\/wp-json\/wp\/v2\/posts\/1947\/revisions"}],"predecessor-version":[{"id":1955,"href":"https:\/\/aaccea-photo.org\/WP3\/wp-json\/wp\/v2\/posts\/1947\/revisions\/1955"}],"wp:attachment":[{"href":"https:\/\/aaccea-photo.org\/WP3\/wp-json\/wp\/v2\/media?parent=1947"}],"wp:term":[{"taxonomy":"category","embeddable":true,"href":"https:\/\/aaccea-photo.org\/WP3\/wp-json\/wp\/v2\/categories?post=1947"},{"taxonomy":"post_tag","embeddable":true,"href":"https:\/\/aaccea-photo.org\/WP3\/wp-json\/wp\/v2\/tags?post=1947"}],"curies":[{"name":"wp","href":"https:\/\/api.w.org\/{rel}","templated":true}]}}