{"id":2036,"date":"2016-10-20T10:56:03","date_gmt":"2016-10-20T08:56:03","guid":{"rendered":"http:\/\/aaccea-photo.org\/WP3\/?p=2036"},"modified":"2017-08-09T10:59:44","modified_gmt":"2017-08-09T08:59:44","slug":"concert-shamrock-kfe","status":"publish","type":"post","link":"https:\/\/aaccea-photo.org\/WP3\/concert-shamrock-kfe\/","title":{"rendered":"[Reportage] Concert Shamrock kf\u00e9"},"content":{"rendered":"<h2 style=\"text-align: center;\">La section musique de l&rsquo;AAC organise :<\/h2>\n<p><a href=\"http:\/\/aaccea-photo.org\/WP3\/wp-content\/uploads\/2016\/10\/concerts.jpeg\"><img loading=\"lazy\" decoding=\"async\" class=\"aligncenter wp-image-2067\" src=\"http:\/\/aaccea-photo.org\/WP3\/wp-content\/uploads\/2016\/10\/concerts.jpeg\" alt=\"concerts\" width=\"384\" height=\"544\" srcset=\"https:\/\/aaccea-photo.org\/WP3\/wp-content\/uploads\/2016\/10\/concerts.jpeg 1411w, https:\/\/aaccea-photo.org\/WP3\/wp-content\/uploads\/2016\/10\/concerts-212x300.jpeg 212w, https:\/\/aaccea-photo.org\/WP3\/wp-content\/uploads\/2016\/10\/concerts-768x1088.jpeg 768w, https:\/\/aaccea-photo.org\/WP3\/wp-content\/uploads\/2016\/10\/concerts-723x1024.jpeg 723w\" sizes=\"(max-width: 384px) 100vw, 384px\" \/><\/a><\/p>\n<h2 style=\"text-align: center;\"><span style=\"text-decoration: underline;\"><strong>les jeudi 17 et 24 Novembre<\/strong><\/span> deux soir\u00e9es concert \u00e0 Palaiseau, au Shamrock Kf\u00e9 ambiance PUB, avec de tr\u00e8s bonne bi\u00e8re (grand choix) et de la bonne musique (plusieurs styles) garantie&#8230;<\/h2>\n<h3 style=\"text-align: left;\">Ces deux soirs, jusqu&rsquo;\u00e0 10 groupes de la section joueront en live, et ils d\u00e9sireraient avoir des photos de ces soir\u00e9es pour leur propre promotion afin de d\u00e9marcher plus facilement les petites sc\u00e8nes, mais \u00e9galement pour communiquer sur la section musique pour attirer de nouveaux membres.<\/h3>\n<p><em><strong>Dates :<\/strong> <\/em>Jeudi 17 et 24 Novembre<\/p>\n<h2 style=\"text-align: center;\"><img loading=\"lazy\" decoding=\"async\" class=\"alignright\" src=\"https:\/\/media-cdn.tripadvisor.com\/media\/photo-s\/04\/72\/a3\/c5\/shamrock-kfe.jpg\" alt=\"\" width=\"162\" height=\"162\" \/><\/h2>\n<p><strong><em>Lieu :<\/em><\/strong> Shamrock Kf\u00e9, 225 rue de Paris PALAISEAU<\/p>\n<p>Si vous souhaitez participez au reportage contacter <a href=\"mailto:Suresh.PAJANIRADJA@cea.fr\">Suresh<\/a><\/p>\n<p><em><strong>Inscrit :<\/strong><\/em><br \/>\n&#8211; R\u00e9gis le 17<br \/>\n&#8211; Xavier le 24<br \/>\n&#8211; Yves le 24<em><strong><br \/>\n<\/strong><\/em><\/p>\n","protected":false},"excerpt":{"rendered":"<p>La section musique de l&rsquo;AAC organise : les jeudi 17 et 24 Novembre deux soir\u00e9es concert \u00e0 Palaiseau, au Shamrock Kf\u00e9 ambiance PUB, avec de tr\u00e8s bonne bi\u00e8re (grand choix) et de la bonne musique (plusieurs styles) garantie&#8230; Ces deux soirs, jusqu&rsquo;\u00e0 10 groupes de la section joueront en live, et ils d\u00e9sireraient avoir des&hellip;<\/p>\n","protected":false},"author":6,"featured_media":0,"comment_status":"closed","ping_status":"closed","sticky":false,"template":"","format":"standard","meta":{"footnotes":""},"categories":[9],"tags":[],"_links":{"self":[{"href":"https:\/\/aaccea-photo.org\/WP3\/wp-json\/wp\/v2\/posts\/2036"}],"collection":[{"href":"https:\/\/aaccea-photo.org\/WP3\/wp-json\/wp\/v2\/posts"}],"about":[{"href":"https:\/\/aaccea-photo.org\/WP3\/wp-json\/wp\/v2\/types\/post"}],"author":[{"embeddable":true,"href":"https:\/\/aaccea-photo.org\/WP3\/wp-json\/wp\/v2\/users\/6"}],"replies":[{"embeddable":true,"href":"https:\/\/aaccea-photo.org\/WP3\/wp-json\/wp\/v2\/comments?post=2036"}],"version-history":[{"count":12,"href":"https:\/\/aaccea-photo.org\/WP3\/wp-json\/wp\/v2\/posts\/2036\/revisions"}],"predecessor-version":[{"id":2073,"href":"https:\/\/aaccea-photo.org\/WP3\/wp-json\/wp\/v2\/posts\/2036\/revisions\/2073"}],"wp:attachment":[{"href":"https:\/\/aaccea-photo.org\/WP3\/wp-json\/wp\/v2\/media?parent=2036"}],"wp:term":[{"taxonomy":"category","embeddable":true,"href":"https:\/\/aaccea-photo.org\/WP3\/wp-json\/wp\/v2\/categories?post=2036"},{"taxonomy":"post_tag","embeddable":true,"href":"https:\/\/aaccea-photo.org\/WP3\/wp-json\/wp\/v2\/tags?post=2036"}],"curies":[{"name":"wp","href":"https:\/\/api.w.org\/{rel}","templated":true}]}}