{"id":2047,"date":"2017-01-31T11:35:25","date_gmt":"2017-01-31T10:35:25","guid":{"rendered":"http:\/\/aaccea-photo.org\/WP3\/?p=2047"},"modified":"2017-08-09T10:59:37","modified_gmt":"2017-08-09T08:59:37","slug":"formation-boitier-en-mains","status":"publish","type":"post","link":"https:\/\/aaccea-photo.org\/WP3\/formation-boitier-en-mains\/","title":{"rendered":"[Formation] Boitier en mains"},"content":{"rendered":"<h2><\/h2>\n<h2 style=\"text-align: center;\"><a href=\"http:\/\/aaccea-photo.org\/WP3\/wp-content\/uploads\/2016\/10\/affiche-boitier-en-main-V2.jpg\"><img loading=\"lazy\" decoding=\"async\" class=\"wp-image-2060 aligncenter\" src=\"http:\/\/aaccea-photo.org\/WP3\/wp-content\/uploads\/2016\/10\/affiche-boitier-en-main-V2.jpg\" alt=\"affiche-boitier-en-main-v2\" width=\"362\" height=\"507\" srcset=\"https:\/\/aaccea-photo.org\/WP3\/wp-content\/uploads\/2016\/10\/affiche-boitier-en-main-V2.jpg 2480w, https:\/\/aaccea-photo.org\/WP3\/wp-content\/uploads\/2016\/10\/affiche-boitier-en-main-V2-214x300.jpg 214w, https:\/\/aaccea-photo.org\/WP3\/wp-content\/uploads\/2016\/10\/affiche-boitier-en-main-V2-768x1075.jpg 768w, https:\/\/aaccea-photo.org\/WP3\/wp-content\/uploads\/2016\/10\/affiche-boitier-en-main-V2-731x1024.jpg 731w\" sizes=\"(max-width: 362px) 100vw, 362px\" \/><\/a> formation boitier en mains<br \/>\nsous forme de sortie photo \u00e0 Gif sur Yvette.<\/h2>\n<p style=\"text-align: center;\"><strong>Le samedi 26 Novembre<\/strong> rendez-vous \u00e0 la gare de Gif Sur Yvette avec votre boitier photo que ce soit en smartphone, un compact, un bridge, un r\u00e9flex ou un polaroid.<\/p>\n<p>Le d\u00e9roul\u00e9 de la sortie sera le suivant :<br \/>\n&#8211; Un<strong> bref topo<\/strong> (30-60 minutes) sera r\u00e9alis\u00e9 autour d&rsquo;un verre pour vous pr\u00e9senter bri\u00e8vement les r\u00e8gles : de composition, d&rsquo;exposition et de mise au point<br \/>\n&#8211; Puis ensuite <strong>baguenaude photo<\/strong> ( 2 \u00e0 3 h suivant notre motivation) aux alentours pour mettre en pratique ces r\u00e8gles et voir avec vous comment les appliquer avec votre boitier.<\/p>\n<p>ATTENTION l&rsquo;inscription est obligatoire pour cela contacter <a href=\"mailto:xavier.coppolani@cea.fr\" target=\"_blank\">Xavier<\/a><\/p>\n<p><strong>Date :<\/strong> Samedi 26 Novembre \u00e0 14h<br \/>\n<strong>Lieu :<\/strong> Gare RER de Gif sur Yvette<\/p>\n<p><strong>Inscrits :<br \/>\n<\/strong>&#8211; Eliane Maurel<br \/>\n&#8211; Catherine Audouin<br \/>\n&#8211; Andre Oliveira Maroneze<strong><br \/>\n<\/strong>&#8211; Nada Caud<br \/>\n&#8211; Pierre-yves Thro<br \/>\n&#8211; Aur\u00e9lie Donval<\/p>\n<p>Encadrants :<br \/>\n&#8211; Xavier Coppolani<strong><br \/>\n<\/strong>&#8211; Alain Perolat<br \/>\n&#8211; R\u00e9gis Courbeyrette<\/p>\n<p><strong>Photos de la sortie :<\/strong><\/p>\n<p>Alain :<br \/>\n<a href=\"http:\/\/aaccea-photo.org\/WP3\/wp-content\/uploads\/2016\/10\/Alain.jpg\"><img loading=\"lazy\" decoding=\"async\" class=\"wp-image-2084 alignleft\" src=\"http:\/\/aaccea-photo.org\/WP3\/wp-content\/uploads\/2016\/10\/Alain.jpg\" alt=\"\" width=\"205\" height=\"137\" srcset=\"https:\/\/aaccea-photo.org\/WP3\/wp-content\/uploads\/2016\/10\/Alain.jpg 5472w, https:\/\/aaccea-photo.org\/WP3\/wp-content\/uploads\/2016\/10\/Alain-300x200.jpg 300w, https:\/\/aaccea-photo.org\/WP3\/wp-content\/uploads\/2016\/10\/Alain-768x512.jpg 768w, https:\/\/aaccea-photo.org\/WP3\/wp-content\/uploads\/2016\/10\/Alain-1024x683.jpg 1024w\" sizes=\"(max-width: 205px) 100vw, 205px\" \/><\/a><\/p>\n<p>&nbsp;<\/p>\n<p>&nbsp;<\/p>\n<p>&nbsp;<\/p>\n<p>&nbsp;<\/p>\n<p>&nbsp;<\/p>\n<p>Nada :<br \/>\n<a href=\"http:\/\/aaccea-photo.org\/WP3\/wp-content\/uploads\/2016\/10\/Nada-01.jpg\"><img loading=\"lazy\" decoding=\"async\" class=\"alignleft wp-image-2085\" src=\"http:\/\/aaccea-photo.org\/WP3\/wp-content\/uploads\/2016\/10\/Nada-01.jpg\" alt=\"\" width=\"204\" height=\"136\" srcset=\"https:\/\/aaccea-photo.org\/WP3\/wp-content\/uploads\/2016\/10\/Nada-01.jpg 3648w, https:\/\/aaccea-photo.org\/WP3\/wp-content\/uploads\/2016\/10\/Nada-01-300x200.jpg 300w, https:\/\/aaccea-photo.org\/WP3\/wp-content\/uploads\/2016\/10\/Nada-01-768x512.jpg 768w, https:\/\/aaccea-photo.org\/WP3\/wp-content\/uploads\/2016\/10\/Nada-01-1024x683.jpg 1024w\" sizes=\"(max-width: 204px) 100vw, 204px\" \/><\/a><a href=\"http:\/\/aaccea-photo.org\/WP3\/wp-content\/uploads\/2016\/10\/Nada-02.jpg\"><img loading=\"lazy\" decoding=\"async\" class=\"alignleft wp-image-2086\" src=\"http:\/\/aaccea-photo.org\/WP3\/wp-content\/uploads\/2016\/10\/Nada-02.jpg\" alt=\"\" width=\"204\" height=\"136\" srcset=\"https:\/\/aaccea-photo.org\/WP3\/wp-content\/uploads\/2016\/10\/Nada-02.jpg 3648w, https:\/\/aaccea-photo.org\/WP3\/wp-content\/uploads\/2016\/10\/Nada-02-300x200.jpg 300w, https:\/\/aaccea-photo.org\/WP3\/wp-content\/uploads\/2016\/10\/Nada-02-768x512.jpg 768w, https:\/\/aaccea-photo.org\/WP3\/wp-content\/uploads\/2016\/10\/Nada-02-1024x683.jpg 1024w\" sizes=\"(max-width: 204px) 100vw, 204px\" \/><\/a><\/p>\n","protected":false},"excerpt":{"rendered":"<p>formation boitier en mains sous forme de sortie photo \u00e0 Gif sur Yvette. Le samedi 26 Novembre rendez-vous \u00e0 la gare de Gif Sur Yvette avec votre boitier photo que ce soit en smartphone, un compact, un bridge, un r\u00e9flex ou un polaroid. Le d\u00e9roul\u00e9 de la sortie sera le suivant : &#8211; Un bref&hellip;<\/p>\n","protected":false},"author":6,"featured_media":0,"comment_status":"closed","ping_status":"closed","sticky":false,"template":"","format":"standard","meta":{"footnotes":""},"categories":[1],"tags":[],"_links":{"self":[{"href":"https:\/\/aaccea-photo.org\/WP3\/wp-json\/wp\/v2\/posts\/2047"}],"collection":[{"href":"https:\/\/aaccea-photo.org\/WP3\/wp-json\/wp\/v2\/posts"}],"about":[{"href":"https:\/\/aaccea-photo.org\/WP3\/wp-json\/wp\/v2\/types\/post"}],"author":[{"embeddable":true,"href":"https:\/\/aaccea-photo.org\/WP3\/wp-json\/wp\/v2\/users\/6"}],"replies":[{"embeddable":true,"href":"https:\/\/aaccea-photo.org\/WP3\/wp-json\/wp\/v2\/comments?post=2047"}],"version-history":[{"count":22,"href":"https:\/\/aaccea-photo.org\/WP3\/wp-json\/wp\/v2\/posts\/2047\/revisions"}],"predecessor-version":[{"id":2092,"href":"https:\/\/aaccea-photo.org\/WP3\/wp-json\/wp\/v2\/posts\/2047\/revisions\/2092"}],"wp:attachment":[{"href":"https:\/\/aaccea-photo.org\/WP3\/wp-json\/wp\/v2\/media?parent=2047"}],"wp:term":[{"taxonomy":"category","embeddable":true,"href":"https:\/\/aaccea-photo.org\/WP3\/wp-json\/wp\/v2\/categories?post=2047"},{"taxonomy":"post_tag","embeddable":true,"href":"https:\/\/aaccea-photo.org\/WP3\/wp-json\/wp\/v2\/tags?post=2047"}],"curies":[{"name":"wp","href":"https:\/\/api.w.org\/{rel}","templated":true}]}}