{"id":2120,"date":"2017-04-21T09:15:00","date_gmt":"2017-04-21T07:15:00","guid":{"rendered":"http:\/\/aaccea-photo.org\/WP3\/?p=2120"},"modified":"2017-08-09T10:59:31","modified_gmt":"2017-08-09T08:59:31","slug":"reportagecross-inter-labo-2017","status":"publish","type":"post","link":"https:\/\/aaccea-photo.org\/WP3\/reportagecross-inter-labo-2017\/","title":{"rendered":"[Reportage]Cross Inter Labo 2017"},"content":{"rendered":"<p><a href=\"http:\/\/aaccea-photo.org\/WP3\/wp-content\/uploads\/2017\/04\/AfficheBoisTeteRonde2017.jpg\"><img loading=\"lazy\" decoding=\"async\" class=\"alignleft wp-image-2122\" src=\"http:\/\/aaccea-photo.org\/WP3\/wp-content\/uploads\/2017\/04\/AfficheBoisTeteRonde2017.jpg\" alt=\"\" width=\"189\" height=\"268\" srcset=\"https:\/\/aaccea-photo.org\/WP3\/wp-content\/uploads\/2017\/04\/AfficheBoisTeteRonde2017.jpg 1239w, https:\/\/aaccea-photo.org\/WP3\/wp-content\/uploads\/2017\/04\/AfficheBoisTeteRonde2017-212x300.jpg 212w, https:\/\/aaccea-photo.org\/WP3\/wp-content\/uploads\/2017\/04\/AfficheBoisTeteRonde2017-768x1087.jpg 768w, https:\/\/aaccea-photo.org\/WP3\/wp-content\/uploads\/2017\/04\/AfficheBoisTeteRonde2017-723x1024.jpg 723w\" sizes=\"(max-width: 189px) 100vw, 189px\" \/><\/a>La section course \u00e0 pied organise le cross annuel du bois de la t\u00eate ronde. Le cross de 5600m se d\u00e9roule dans les bois et comporte 2 boucles.<\/p>\n<p><a href=\"http:\/\/asceacourseapied.jimdo.com\/\">http:\/\/asceacourseapied.jimdo.com\/<\/a><\/p>\n<p>Date : Jeudi 20 avril d\u00e9part 12h30<br \/>\nLieu : Villiers le B\u00e2cle, bois de la t\u00eate ronde<br \/>\nContact : <a href=\"mailto:Suresh.pajaniradja@cea.fr\">Suresh.pajaniradja<\/a><\/p>\n<p>Inscrit : R\u00e9gis<\/p>\n<p>Galerie photo : <a href=\"https:\/\/flic.kr\/s\/aHskTsA8QV\" target=\"_blank\" rel=\"noopener noreferrer\">ICI<\/a><\/p>\n","protected":false},"excerpt":{"rendered":"<p>La section course \u00e0 pied organise le cross annuel du bois de la t\u00eate ronde. Le cross de 5600m se d\u00e9roule dans les bois et comporte 2 boucles. http:\/\/asceacourseapied.jimdo.com\/ Date : Jeudi 20 avril d\u00e9part 12h30 Lieu : Villiers le B\u00e2cle, bois de la t\u00eate ronde Contact : Suresh.pajaniradja Inscrit : R\u00e9gis Galerie photo :&hellip;<\/p>\n","protected":false},"author":6,"featured_media":0,"comment_status":"closed","ping_status":"closed","sticky":false,"template":"","format":"standard","meta":{"footnotes":""},"categories":[9],"tags":[],"_links":{"self":[{"href":"https:\/\/aaccea-photo.org\/WP3\/wp-json\/wp\/v2\/posts\/2120"}],"collection":[{"href":"https:\/\/aaccea-photo.org\/WP3\/wp-json\/wp\/v2\/posts"}],"about":[{"href":"https:\/\/aaccea-photo.org\/WP3\/wp-json\/wp\/v2\/types\/post"}],"author":[{"embeddable":true,"href":"https:\/\/aaccea-photo.org\/WP3\/wp-json\/wp\/v2\/users\/6"}],"replies":[{"embeddable":true,"href":"https:\/\/aaccea-photo.org\/WP3\/wp-json\/wp\/v2\/comments?post=2120"}],"version-history":[{"count":3,"href":"https:\/\/aaccea-photo.org\/WP3\/wp-json\/wp\/v2\/posts\/2120\/revisions"}],"predecessor-version":[{"id":2125,"href":"https:\/\/aaccea-photo.org\/WP3\/wp-json\/wp\/v2\/posts\/2120\/revisions\/2125"}],"wp:attachment":[{"href":"https:\/\/aaccea-photo.org\/WP3\/wp-json\/wp\/v2\/media?parent=2120"}],"wp:term":[{"taxonomy":"category","embeddable":true,"href":"https:\/\/aaccea-photo.org\/WP3\/wp-json\/wp\/v2\/categories?post=2120"},{"taxonomy":"post_tag","embeddable":true,"href":"https:\/\/aaccea-photo.org\/WP3\/wp-json\/wp\/v2\/tags?post=2120"}],"curies":[{"name":"wp","href":"https:\/\/api.w.org\/{rel}","templated":true}]}}