{"id":2279,"date":"2018-05-03T15:29:27","date_gmt":"2018-05-03T13:29:27","guid":{"rendered":"http:\/\/aaccea-photo.org\/WP3\/?p=2279"},"modified":"2018-09-17T11:23:04","modified_gmt":"2018-09-17T09:23:04","slug":"reportagecross-inter-labo-2018","status":"publish","type":"post","link":"https:\/\/aaccea-photo.org\/WP3\/reportagecross-inter-labo-2018\/","title":{"rendered":"[Reportage]Cross Inter Labo 2018"},"content":{"rendered":"<p><a href=\"http:\/\/aaccea-photo.org\/WP3\/wp-content\/uploads\/2018\/01\/cross2018.jpg\"><img loading=\"lazy\" decoding=\"async\" class=\"alignright  wp-image-2268\" src=\"http:\/\/aaccea-photo.org\/WP3\/wp-content\/uploads\/2018\/01\/cross2018.jpg\" alt=\"\" width=\"223\" height=\"316\" srcset=\"https:\/\/aaccea-photo.org\/WP3\/wp-content\/uploads\/2018\/01\/cross2018.jpg 1239w, https:\/\/aaccea-photo.org\/WP3\/wp-content\/uploads\/2018\/01\/cross2018-212x300.jpg 212w, https:\/\/aaccea-photo.org\/WP3\/wp-content\/uploads\/2018\/01\/cross2018-768x1087.jpg 768w, https:\/\/aaccea-photo.org\/WP3\/wp-content\/uploads\/2018\/01\/cross2018-723x1024.jpg 723w\" sizes=\"(max-width: 223px) 100vw, 223px\" \/><\/a>Comme chaque ann\u00e9e, la section course \u00e0 pied organise le cross annuel du bois de la t\u00eate ronde.<\/p>\n<p>Le cross de 5600m se d\u00e9roule dans les bois et comporte 2 boucles.<\/p>\n<p><a href=\"http:\/\/asceacourseapied.jimdo.com\/\">http:\/\/asceacourseapied.jimdo.com\/<\/a><\/p>\n<p>Date : Jeudi 12 avril d\u00e9part 12h30<br \/>\nLieu : Villiers le B\u00e2cle, bois de la t\u00eate rond<\/p>\n<p>Galerie : <a href=\"https:\/\/flic.kr\/s\/aHsmaMvJvG\" target=\"_blank\" rel=\"noopener\">Xavier<\/a><\/p>\n","protected":false},"excerpt":{"rendered":"<p>Comme chaque ann\u00e9e, la section course \u00e0 pied organise le cross annuel du bois de la t\u00eate ronde. Le cross de 5600m se d\u00e9roule dans les bois et comporte 2 boucles. http:\/\/asceacourseapied.jimdo.com\/ Date : Jeudi 12 avril d\u00e9part 12h30 Lieu : Villiers le B\u00e2cle, bois de la t\u00eate rond Galerie : Xavier<\/p>\n","protected":false},"author":6,"featured_media":0,"comment_status":"closed","ping_status":"closed","sticky":false,"template":"","format":"standard","meta":{"footnotes":""},"categories":[9],"tags":[],"_links":{"self":[{"href":"https:\/\/aaccea-photo.org\/WP3\/wp-json\/wp\/v2\/posts\/2279"}],"collection":[{"href":"https:\/\/aaccea-photo.org\/WP3\/wp-json\/wp\/v2\/posts"}],"about":[{"href":"https:\/\/aaccea-photo.org\/WP3\/wp-json\/wp\/v2\/types\/post"}],"author":[{"embeddable":true,"href":"https:\/\/aaccea-photo.org\/WP3\/wp-json\/wp\/v2\/users\/6"}],"replies":[{"embeddable":true,"href":"https:\/\/aaccea-photo.org\/WP3\/wp-json\/wp\/v2\/comments?post=2279"}],"version-history":[{"count":1,"href":"https:\/\/aaccea-photo.org\/WP3\/wp-json\/wp\/v2\/posts\/2279\/revisions"}],"predecessor-version":[{"id":2280,"href":"https:\/\/aaccea-photo.org\/WP3\/wp-json\/wp\/v2\/posts\/2279\/revisions\/2280"}],"wp:attachment":[{"href":"https:\/\/aaccea-photo.org\/WP3\/wp-json\/wp\/v2\/media?parent=2279"}],"wp:term":[{"taxonomy":"category","embeddable":true,"href":"https:\/\/aaccea-photo.org\/WP3\/wp-json\/wp\/v2\/categories?post=2279"},{"taxonomy":"post_tag","embeddable":true,"href":"https:\/\/aaccea-photo.org\/WP3\/wp-json\/wp\/v2\/tags?post=2279"}],"curies":[{"name":"wp","href":"https:\/\/api.w.org\/{rel}","templated":true}]}}