{"id":2294,"date":"2018-07-02T15:13:04","date_gmt":"2018-07-02T13:13:04","guid":{"rendered":"http:\/\/aaccea-photo.org\/WP3\/?p=2294"},"modified":"2018-09-17T11:22:40","modified_gmt":"2018-09-17T09:22:40","slug":"reportageaaccea-musique","status":"publish","type":"post","link":"https:\/\/aaccea-photo.org\/WP3\/reportageaaccea-musique\/","title":{"rendered":"[Reportage]AACCEA-Musique"},"content":{"rendered":"<p><img loading=\"lazy\" decoding=\"async\" class=\"alignleft size-full\" src=\"https:\/\/scontent-cdg2-1.xx.fbcdn.net\/v\/t1.0-1\/c0.0.180.180\/13432161_1763830357196725_3332266220989473517_n.jpg?_nc_cat=0&amp;oh=5f418d9d526e7ebfc3def7e64555ff21&amp;oe=5BBE9CD3\" width=\"180\" height=\"180\" \/><\/p>\n<p>&nbsp;<\/p>\n<p>&nbsp;<\/p>\n<p>&nbsp;<\/p>\n<h2>concerts de la section <a href=\"https:\/\/www.facebook.com\/sectionmusiqueaacceasaclay\/?hc_ref=ARS1DeBNy5-qXfVabJudUDLZu1HclLYb-kPrUaeV-Jcq83PPp6VD5hx9xmk8DqFgvRI&amp;fref=nf\" target=\"_blank\" rel=\"noopener\">AAC-Musique<\/a><\/h2>\n<p>-&gt; <em><strong>AfterWork Musical<\/strong><\/em> au Best Western de Saulx les Chartreux, <span style=\"text-decoration: underline;\">le jeudi 31 Mai 18h30-21h.<br \/>\n<\/span><em>Photographes :<br \/>\n&#8211; Yves <a href=\"https:\/\/www.flickr.com\/gp\/135330759@N04\/1zp2vw\" target=\"_blank\" rel=\"noopener\">Galerie<\/a><br \/>\n&#8211; S\u00e9bastien <a href=\"https:\/\/www.flickr.com\/gp\/135330759@N04\/R9oEt9\" target=\"_blank\" rel=\"noopener\">Galerie<\/a><br \/>\n<\/em><\/p>\n<p>-&gt; <strong>Soir\u00e9<\/strong><strong>e concert<\/strong> au Gourmet Bar du Novotel Paris Saclay, <span style=\"text-decoration: underline;\">le mercredi 06 Juin 19h-22h.<\/span><\/p>\n<p><em>Photographes :<\/em><br \/>\n-R\u00e9gis et S\u00e9bastien <a href=\"https:\/\/www.flickr.com\/gp\/135330759@N04\/26fe5C\" target=\"_blank\" rel=\"noopener\">Galerie<\/a><\/p>\n<p>-&gt; <em><strong>AfterWork Musical<\/strong><\/em> retour au Best Western de Saulx les Chartreux, <span style=\"text-decoration: underline;\">le samedi 28 Juin<\/span><\/p>\n<p><em>Photographes :<\/em><br \/>\n<em>&#8211; Yves <a href=\"https:\/\/www.flickr.com\/gp\/135330759@N04\/1N86Mz\" target=\"_blank\" rel=\"noopener\">Galerie<\/a><br \/>\n&#8211; S\u00e9bastien <a href=\"https:\/\/www.flickr.com\/gp\/135330759@N04\/f1Ee78\" target=\"_blank\" rel=\"noopener\">Galerie<\/a><\/em><\/p>\n<p>-&gt; <strong>Afterwork<\/strong> au Novotel Paris Saclay, le mardi 03 Juillet, avec <a href=\"https:\/\/www.facebook.com\/tendremixeur\/?fref=mentions\" target=\"_blank\" rel=\"noopener\">Tendre Mixer<\/a> et <a href=\"https:\/\/www.facebook.com\/salt.npepper.75436\" target=\"_blank\" rel=\"noopener\">Salt n&rsquo;pepper<\/a><\/p>\n<p><em>Photographes :<\/em><br \/>\n-S\u00e9bastien <a href=\"https:\/\/www.flickr.com\/gp\/135330759@N04\/524rjT\" target=\"_blank\" rel=\"noopener\">Galerie<\/a><br \/>\n&#8211; Yves <a href=\"https:\/\/www.flickr.com\/gp\/135330759@N04\/mvsR66\" target=\"_blank\" rel=\"noopener\">Galerie<\/a><\/p>\n","protected":false},"excerpt":{"rendered":"<p>&nbsp; &nbsp; &nbsp; concerts de la section AAC-Musique -&gt; AfterWork Musical au Best Western de Saulx les Chartreux, le jeudi 31 Mai 18h30-21h. Photographes : &#8211; Yves Galerie &#8211; S\u00e9bastien Galerie -&gt; Soir\u00e9e concert au Gourmet Bar du Novotel Paris Saclay, le mercredi 06 Juin 19h-22h. Photographes : -R\u00e9gis et S\u00e9bastien Galerie -&gt; AfterWork Musical&hellip;<\/p>\n","protected":false},"author":6,"featured_media":0,"comment_status":"closed","ping_status":"closed","sticky":false,"template":"","format":"standard","meta":{"footnotes":""},"categories":[9],"tags":[],"_links":{"self":[{"href":"https:\/\/aaccea-photo.org\/WP3\/wp-json\/wp\/v2\/posts\/2294"}],"collection":[{"href":"https:\/\/aaccea-photo.org\/WP3\/wp-json\/wp\/v2\/posts"}],"about":[{"href":"https:\/\/aaccea-photo.org\/WP3\/wp-json\/wp\/v2\/types\/post"}],"author":[{"embeddable":true,"href":"https:\/\/aaccea-photo.org\/WP3\/wp-json\/wp\/v2\/users\/6"}],"replies":[{"embeddable":true,"href":"https:\/\/aaccea-photo.org\/WP3\/wp-json\/wp\/v2\/comments?post=2294"}],"version-history":[{"count":11,"href":"https:\/\/aaccea-photo.org\/WP3\/wp-json\/wp\/v2\/posts\/2294\/revisions"}],"predecessor-version":[{"id":2341,"href":"https:\/\/aaccea-photo.org\/WP3\/wp-json\/wp\/v2\/posts\/2294\/revisions\/2341"}],"wp:attachment":[{"href":"https:\/\/aaccea-photo.org\/WP3\/wp-json\/wp\/v2\/media?parent=2294"}],"wp:term":[{"taxonomy":"category","embeddable":true,"href":"https:\/\/aaccea-photo.org\/WP3\/wp-json\/wp\/v2\/categories?post=2294"},{"taxonomy":"post_tag","embeddable":true,"href":"https:\/\/aaccea-photo.org\/WP3\/wp-json\/wp\/v2\/tags?post=2294"}],"curies":[{"name":"wp","href":"https:\/\/api.w.org\/{rel}","templated":true}]}}