{"id":2333,"date":"2018-06-22T22:20:29","date_gmt":"2018-06-22T20:20:29","guid":{"rendered":"http:\/\/aaccea-photo.org\/WP3\/?p=2333"},"modified":"2018-09-17T11:22:46","modified_gmt":"2018-09-17T09:22:46","slug":"reportagerelais-2018","status":"publish","type":"post","link":"https:\/\/aaccea-photo.org\/WP3\/reportagerelais-2018\/","title":{"rendered":"[Reportage]Relais 2018"},"content":{"rendered":"<h1 style=\"text-align: center;\"><strong>F\u00eate de la musique<br \/>\net<br \/>\ncourse inter-service 2018<\/strong><\/h1>\n<p>Reportage photo pour la course de relais inter-service et la f\u00eate de la musique.<\/p>\n<ul>\n<li><strong>Course relais<br \/>\n<\/strong><\/li>\n<\/ul>\n<p>Les photos de V\u00e9ronique Berthonaud et R\u00e9gis Courbeyrette : <a href=\"https:\/\/www.flickr.com\/gp\/135330759@N04\/3x76Hp\" target=\"_blank\" rel=\"noopener\">ICI<\/a><\/p>\n<p>Les photos de S\u00e9bastien Pontreau : <a href=\"https:\/\/www.flickr.com\/gp\/135330759@N04\/k81LeF\" target=\"_blank\" rel=\"noopener\">ICI<\/a><\/p>\n<p>Les photos de Xavier Coppolani : <a href=\"https:\/\/www.flickr.com\/gp\/135330759@N04\/kw39c3\" target=\"_blank\" rel=\"noopener\">ICI<\/a><\/p>\n<ul>\n<li><strong>Ambiance (Stand, etc.)<\/strong><\/li>\n<\/ul>\n<p>Les photos de V\u00e9ronique Berthonaud, S\u00e9bastien Pontreau et R\u00e9gis Courbeyrette : <a href=\"https:\/\/www.flickr.com\/gp\/135330759@N04\/477R5d\" target=\"_blank\" rel=\"noopener\">ICI<\/a><\/p>\n<ul>\n<li><strong>Concert AAC-CEA, Section Musique<\/strong><\/li>\n<\/ul>\n<p>Les photos de V\u00e9ronique Berthonaud et S\u00e9bastien Pontreau : <a href=\"https:\/\/www.flickr.com\/gp\/135330759@N04\/ak89tm\" target=\"_blank\" rel=\"noopener\">ICI<\/a><\/p>\n<p>Merci \u00e0 l&rsquo;ensemble des participants et aux photographes, on vous dit \u00e0 l&rsquo;ann\u00e9e prochaine&#8230;<\/p>\n","protected":false},"excerpt":{"rendered":"<p>F\u00eate de la musique et course inter-service 2018 Reportage photo pour la course de relais inter-service et la f\u00eate de la musique. Course relais Les photos de V\u00e9ronique Berthonaud et R\u00e9gis Courbeyrette : ICI Les photos de S\u00e9bastien Pontreau : ICI Les photos de Xavier Coppolani : ICI Ambiance (Stand, etc.) Les photos de V\u00e9ronique&hellip;<\/p>\n","protected":false},"author":6,"featured_media":0,"comment_status":"closed","ping_status":"closed","sticky":false,"template":"","format":"standard","meta":{"footnotes":""},"categories":[9],"tags":[],"_links":{"self":[{"href":"https:\/\/aaccea-photo.org\/WP3\/wp-json\/wp\/v2\/posts\/2333"}],"collection":[{"href":"https:\/\/aaccea-photo.org\/WP3\/wp-json\/wp\/v2\/posts"}],"about":[{"href":"https:\/\/aaccea-photo.org\/WP3\/wp-json\/wp\/v2\/types\/post"}],"author":[{"embeddable":true,"href":"https:\/\/aaccea-photo.org\/WP3\/wp-json\/wp\/v2\/users\/6"}],"replies":[{"embeddable":true,"href":"https:\/\/aaccea-photo.org\/WP3\/wp-json\/wp\/v2\/comments?post=2333"}],"version-history":[{"count":2,"href":"https:\/\/aaccea-photo.org\/WP3\/wp-json\/wp\/v2\/posts\/2333\/revisions"}],"predecessor-version":[{"id":2335,"href":"https:\/\/aaccea-photo.org\/WP3\/wp-json\/wp\/v2\/posts\/2333\/revisions\/2335"}],"wp:attachment":[{"href":"https:\/\/aaccea-photo.org\/WP3\/wp-json\/wp\/v2\/media?parent=2333"}],"wp:term":[{"taxonomy":"category","embeddable":true,"href":"https:\/\/aaccea-photo.org\/WP3\/wp-json\/wp\/v2\/categories?post=2333"},{"taxonomy":"post_tag","embeddable":true,"href":"https:\/\/aaccea-photo.org\/WP3\/wp-json\/wp\/v2\/tags?post=2333"}],"curies":[{"name":"wp","href":"https:\/\/api.w.org\/{rel}","templated":true}]}}