{"id":2342,"date":"2018-07-09T23:46:50","date_gmt":"2018-07-09T21:46:50","guid":{"rendered":"http:\/\/aaccea-photo.org\/WP3\/?p=2342"},"modified":"2018-09-17T11:22:34","modified_gmt":"2018-09-17T09:22:34","slug":"reportageaac-danse","status":"publish","type":"post","link":"https:\/\/aaccea-photo.org\/WP3\/reportageaac-danse\/","title":{"rendered":"[Reportage]AAC Danse"},"content":{"rendered":"<p><img loading=\"lazy\" decoding=\"async\" class=\"alignnone size-thumbnail\" src=\"https:\/\/encrypted-tbn0.gstatic.com\/images?q=tbn:ANd9GcRr9rSuj92bAO1ZJZVLBu0zE1bRmdOB13xsxQQIBp_ETSnfFmPB\" width=\"495\" height=\"102\" \/><\/p>\n<p>Reportage pour l&rsquo;AAC-CEA-Danse de Saclay<\/p>\n<ul>\n<li><span style=\"text-decoration: underline;\"><em>Le 03 Juin \u00e0 Antony<\/em><\/span><\/li>\n<\/ul>\n<p>Photographe : S\u00e9bastien <a href=\"https:\/\/www.flickr.com\/gp\/135330759@N04\/11g702\" target=\"_blank\" rel=\"noopener\">Galerie<\/a><\/p>\n<ul>\n<li><em>Le30 Juin \u00e0 Massy<\/em><\/li>\n<\/ul>\n<p>Photographe : S\u00e9bastien <a href=\"https:\/\/www.flickr.com\/gp\/135330759@N04\/LH366w\" target=\"_blank\" rel=\"noopener\">Galerie<\/a><\/p>\n","protected":false},"excerpt":{"rendered":"<p>Reportage pour l&rsquo;AAC-CEA-Danse de Saclay Le 03 Juin \u00e0 Antony Photographe : S\u00e9bastien Galerie Le30 Juin \u00e0 Massy Photographe : S\u00e9bastien Galerie<\/p>\n","protected":false},"author":6,"featured_media":0,"comment_status":"closed","ping_status":"closed","sticky":false,"template":"","format":"standard","meta":{"footnotes":""},"categories":[1],"tags":[],"_links":{"self":[{"href":"https:\/\/aaccea-photo.org\/WP3\/wp-json\/wp\/v2\/posts\/2342"}],"collection":[{"href":"https:\/\/aaccea-photo.org\/WP3\/wp-json\/wp\/v2\/posts"}],"about":[{"href":"https:\/\/aaccea-photo.org\/WP3\/wp-json\/wp\/v2\/types\/post"}],"author":[{"embeddable":true,"href":"https:\/\/aaccea-photo.org\/WP3\/wp-json\/wp\/v2\/users\/6"}],"replies":[{"embeddable":true,"href":"https:\/\/aaccea-photo.org\/WP3\/wp-json\/wp\/v2\/comments?post=2342"}],"version-history":[{"count":1,"href":"https:\/\/aaccea-photo.org\/WP3\/wp-json\/wp\/v2\/posts\/2342\/revisions"}],"predecessor-version":[{"id":2343,"href":"https:\/\/aaccea-photo.org\/WP3\/wp-json\/wp\/v2\/posts\/2342\/revisions\/2343"}],"wp:attachment":[{"href":"https:\/\/aaccea-photo.org\/WP3\/wp-json\/wp\/v2\/media?parent=2342"}],"wp:term":[{"taxonomy":"category","embeddable":true,"href":"https:\/\/aaccea-photo.org\/WP3\/wp-json\/wp\/v2\/categories?post=2342"},{"taxonomy":"post_tag","embeddable":true,"href":"https:\/\/aaccea-photo.org\/WP3\/wp-json\/wp\/v2\/tags?post=2342"}],"curies":[{"name":"wp","href":"https:\/\/api.w.org\/{rel}","templated":true}]}}