{"id":2415,"date":"2018-09-26T13:41:42","date_gmt":"2018-09-26T11:41:42","guid":{"rendered":"http:\/\/aaccea-photo.org\/WP3\/?p=2415"},"modified":"2018-09-26T13:41:42","modified_gmt":"2018-09-26T11:41:42","slug":"reportagetour-velos-cea-saclay-2018","status":"publish","type":"post","link":"https:\/\/aaccea-photo.org\/WP3\/reportagetour-velos-cea-saclay-2018\/","title":{"rendered":"[Reportage]Tour V\u00e9los CEA\/Saclay 2018"},"content":{"rendered":"<p>Le traditionnel Tour \u00e0 V\u00e9lo du CEA de Saclay aura lieu le vendredi 21 septembre 2018.<\/p>\n<p>La section photo est sollicit\u00e9 pour r\u00e9aliser quelques photos.<\/p>\n<p><a href=\"http:\/\/aaccea-photo.org\/WP3\/wp-content\/uploads\/2018\/09\/Tour_a_velo_2018-1.jpg\"><img loading=\"lazy\" decoding=\"async\" class=\"aligncenter size-medium wp-image-2417\" src=\"http:\/\/aaccea-photo.org\/WP3\/wp-content\/uploads\/2018\/09\/Tour_a_velo_2018-1-207x300.jpg\" alt=\"\" width=\"207\" height=\"300\" srcset=\"https:\/\/aaccea-photo.org\/WP3\/wp-content\/uploads\/2018\/09\/Tour_a_velo_2018-1-207x300.jpg 207w, https:\/\/aaccea-photo.org\/WP3\/wp-content\/uploads\/2018\/09\/Tour_a_velo_2018-1-768x1116.jpg 768w, https:\/\/aaccea-photo.org\/WP3\/wp-content\/uploads\/2018\/09\/Tour_a_velo_2018-1-705x1024.jpg 705w, https:\/\/aaccea-photo.org\/WP3\/wp-content\/uploads\/2018\/09\/Tour_a_velo_2018-1.jpg 1606w\" sizes=\"(max-width: 207px) 100vw, 207px\" \/><\/a><strong><em>Photographes :<\/em><\/strong><\/p>\n<p>-Yves <a href=\"https:\/\/www.flickr.com\/gp\/135330759@N04\/cyB5X4\" target=\"_blank\" rel=\"noopener\">Galerie<\/a><\/p>\n","protected":false},"excerpt":{"rendered":"<p>Le traditionnel Tour \u00e0 V\u00e9lo du CEA de Saclay aura lieu le vendredi 21 septembre 2018. La section photo est sollicit\u00e9 pour r\u00e9aliser quelques photos. Photographes : -Yves Galerie<\/p>\n","protected":false},"author":6,"featured_media":0,"comment_status":"open","ping_status":"open","sticky":false,"template":"","format":"standard","meta":{"footnotes":""},"categories":[9],"tags":[],"_links":{"self":[{"href":"https:\/\/aaccea-photo.org\/WP3\/wp-json\/wp\/v2\/posts\/2415"}],"collection":[{"href":"https:\/\/aaccea-photo.org\/WP3\/wp-json\/wp\/v2\/posts"}],"about":[{"href":"https:\/\/aaccea-photo.org\/WP3\/wp-json\/wp\/v2\/types\/post"}],"author":[{"embeddable":true,"href":"https:\/\/aaccea-photo.org\/WP3\/wp-json\/wp\/v2\/users\/6"}],"replies":[{"embeddable":true,"href":"https:\/\/aaccea-photo.org\/WP3\/wp-json\/wp\/v2\/comments?post=2415"}],"version-history":[{"count":1,"href":"https:\/\/aaccea-photo.org\/WP3\/wp-json\/wp\/v2\/posts\/2415\/revisions"}],"predecessor-version":[{"id":2418,"href":"https:\/\/aaccea-photo.org\/WP3\/wp-json\/wp\/v2\/posts\/2415\/revisions\/2418"}],"wp:attachment":[{"href":"https:\/\/aaccea-photo.org\/WP3\/wp-json\/wp\/v2\/media?parent=2415"}],"wp:term":[{"taxonomy":"category","embeddable":true,"href":"https:\/\/aaccea-photo.org\/WP3\/wp-json\/wp\/v2\/categories?post=2415"},{"taxonomy":"post_tag","embeddable":true,"href":"https:\/\/aaccea-photo.org\/WP3\/wp-json\/wp\/v2\/tags?post=2415"}],"curies":[{"name":"wp","href":"https:\/\/api.w.org\/{rel}","templated":true}]}}