{"id":2484,"date":"2019-03-13T16:56:49","date_gmt":"2019-03-13T15:56:49","guid":{"rendered":"http:\/\/aaccea-photo.org\/WP3\/?p=2484"},"modified":"2019-06-21T15:05:17","modified_gmt":"2019-06-21T13:05:17","slug":"2484-2","status":"publish","type":"post","link":"https:\/\/aaccea-photo.org\/WP3\/2484-2\/","title":{"rendered":"[Reportage]AAC-CEA Saclay"},"content":{"rendered":"<h1 style=\"text-align: center;\"><em><strong>Reportage photo des sections<br \/>\n<\/strong><\/em><em><strong>de l&rsquo;AAC CEA Saclay<\/strong><\/em><br \/>\n<em><strong>Saison 2018-2019<\/strong><\/em><\/h1>\n<p><img loading=\"lazy\" decoding=\"async\" class=\"aligncenter size-medium\" src=\"http:\/\/aaccea.org\/WP3\/wp-content\/uploads\/2012\/05\/cropped-BanniereBlogAAC-CEA.jpg\" alt=\"AACCEA\" width=\"960\" height=\"198\" \/><\/p>\n<p>Vous trouverez sur cette page l&rsquo;ensemble des informations (lieux, dates, galeries etc &#8230;) pour les reportages r\u00e9alis\u00e9s des diff\u00e9rentes section de l&rsquo;AAC-CEA Saclay<\/p>\n<p>Le but de ces reportages photo est de donner visuellement envie \u00e0 d\u2019autres personnes de devenir membre de ces sections : si possible un maximum de convivialit\u00e9 et de chaleur humaine doit transpirer dans ces clich\u00e9s (clich\u00e9s de groupe, d\u2019ambiance, grand angle, et d\u2019autres plus serr\u00e9s et artistiques).<\/p>\n<p>Si vous souhaitez participer et r\u00e9aliser des photos contact\u00e9 nous par mail <a href=\"mailto:permanents@aaccea-photo.org\">ICI<\/a><\/p>\n<h2><em><strong>=&gt; Prochain reportages :<\/strong><\/em><\/h2>\n<p>&#8211; <em><strong>La section m\u00e9diath\u00e8que<\/strong><\/em>, pendant leur permanence le midi (sauf le mercredi).<br \/>\nPhotographe : Suresh<\/p>\n<p>&#8211; <em><strong>La section bricolage<\/strong><\/em>, pendant leur permanence le mardi ou jeudi midi.<br \/>\nPhotographe : Suresh<\/p>\n<p>&#8211; <em><strong>La section art plastique<\/strong><\/em>, Bat 632 17h30 \u00e0 20h mercredi (peinture) et jeudi (sculpture).<br \/>\nPhotographe : Regis (sculpture)<\/p>\n<p>&#8211; <em><strong>La section \u00ab\u00a0Makers and Geeks\u00a0\u00bb<\/strong><\/em>, dates et permanences \u00e0 venir<br \/>\nPhotographe :<\/p>\n<p>&#8211; <em><strong>La section musique<\/strong><\/em>, date et lieu des concerts <a href=\"http:\/\/aaccea-photo.org\/WP3\/reportage-aac-cea-musique\/\" target=\"_blank\" rel=\"noopener noreferrer\">ICI<\/a><\/p>\n<h2><em><strong>=&gt; Galerie photo des reportages :<\/strong><\/em><\/h2>\n<p><img loading=\"lazy\" decoding=\"async\" class=\"alignleft \" src=\"https:\/\/www.coloriageetdessins.com\/images\/dessin-anime\/garfield\/garfield-le-photographe-4930-660x400.jpg\" width=\"119\" height=\"185\" \/><\/p>\n<p><strong>&#8211; <em>La section Piano, <\/em><\/strong>le vendredi 21 Juin au CEA\/Saclay<br \/>\nPhotographe : R\u00e9gis<br \/>\nGalerie photo : <a href=\"https:\/\/www.flickr.com\/gp\/135330759@N04\/JbEH4b\" target=\"_blank\" rel=\"noopener noreferrer\">ICI<\/a><\/p>\n<p><strong>&#8211; <em>La section Groupe Vocal, <\/em><\/strong>le mardi 18 Juin au CEA\/Saclay<br \/>\nPhotographe : R\u00e9gis<br \/>\nGalerie photo : <a href=\"https:\/\/www.flickr.com\/gp\/135330759@N04\/y0mc33\" target=\"_blank\" rel=\"noopener noreferrer\">ICI<\/a><\/p>\n<p><strong>&#8211; <em>La section Art Plastic, <\/em><\/strong>le jeudi 11 Avril au CEA\/Saclay<br \/>\nPhotographe : R\u00e9gis<br \/>\nGalerie photo : <a href=\"https:\/\/www.flickr.com\/gp\/135330759@N04\/0z172x\" target=\"_blank\" rel=\"noopener noreferrer\">Galerie<\/a><\/p>\n<p><strong>&#8211; <em>La section Oenophilie, <\/em><\/strong>le jeudi 21 Mars \u00e0 Gif surYvette<br \/>\nPhotographe : R\u00e9gis, Xavier, S\u00e9bastien<br \/>\nGalerie photo : <a href=\"https:\/\/www.flickr.com\/gp\/135330759@N04\/BDKV01\" target=\"_blank\" rel=\"noopener noreferrer\">Galerie<\/a><\/p>\n<p><strong>&#8211; <em>La section Th\u00e9\u00e2tre, <\/em><\/strong>Building de L\u00e9onore Confino<br \/>\nPhotographe : Xavier<br \/>\nGalerie photo :\u00a0<a href=\"https:\/\/www.flickr.com\/gp\/135330759@N04\/5hZ739\" target=\"_blank\" rel=\"noopener noreferrer\">Galerie<\/a><\/p>\n","protected":false},"excerpt":{"rendered":"<p>Reportage photo des sections de l&rsquo;AAC CEA Saclay Saison 2018-2019 Vous trouverez sur cette page l&rsquo;ensemble des informations (lieux, dates, galeries etc &#8230;) pour les reportages r\u00e9alis\u00e9s des diff\u00e9rentes section de l&rsquo;AAC-CEA Saclay Le but de ces reportages photo est de donner visuellement envie \u00e0 d\u2019autres personnes de devenir membre de ces sections : si&hellip;<\/p>\n","protected":false},"author":6,"featured_media":0,"comment_status":"open","ping_status":"open","sticky":false,"template":"","format":"standard","meta":{"footnotes":""},"categories":[9],"tags":[],"_links":{"self":[{"href":"https:\/\/aaccea-photo.org\/WP3\/wp-json\/wp\/v2\/posts\/2484"}],"collection":[{"href":"https:\/\/aaccea-photo.org\/WP3\/wp-json\/wp\/v2\/posts"}],"about":[{"href":"https:\/\/aaccea-photo.org\/WP3\/wp-json\/wp\/v2\/types\/post"}],"author":[{"embeddable":true,"href":"https:\/\/aaccea-photo.org\/WP3\/wp-json\/wp\/v2\/users\/6"}],"replies":[{"embeddable":true,"href":"https:\/\/aaccea-photo.org\/WP3\/wp-json\/wp\/v2\/comments?post=2484"}],"version-history":[{"count":12,"href":"https:\/\/aaccea-photo.org\/WP3\/wp-json\/wp\/v2\/posts\/2484\/revisions"}],"predecessor-version":[{"id":2566,"href":"https:\/\/aaccea-photo.org\/WP3\/wp-json\/wp\/v2\/posts\/2484\/revisions\/2566"}],"wp:attachment":[{"href":"https:\/\/aaccea-photo.org\/WP3\/wp-json\/wp\/v2\/media?parent=2484"}],"wp:term":[{"taxonomy":"category","embeddable":true,"href":"https:\/\/aaccea-photo.org\/WP3\/wp-json\/wp\/v2\/categories?post=2484"},{"taxonomy":"post_tag","embeddable":true,"href":"https:\/\/aaccea-photo.org\/WP3\/wp-json\/wp\/v2\/tags?post=2484"}],"curies":[{"name":"wp","href":"https:\/\/api.w.org\/{rel}","templated":true}]}}