{"id":2522,"date":"2019-04-10T12:23:08","date_gmt":"2019-04-10T10:23:08","guid":{"rendered":"http:\/\/aaccea-photo.org\/WP3\/?p=2522"},"modified":"2019-06-17T17:24:18","modified_gmt":"2019-06-17T15:24:18","slug":"reportageas-course-a-pied","status":"publish","type":"post","link":"https:\/\/aaccea-photo.org\/WP3\/reportageas-course-a-pied\/","title":{"rendered":"[Reportage]AS-Course \u00e0 pied"},"content":{"rendered":"\n<figure class=\"wp-block-image\"><img loading=\"lazy\" decoding=\"async\" width=\"484\" height=\"272\" src=\"http:\/\/aaccea-photo.org\/WP3\/wp-content\/uploads\/2019\/04\/Unknown.jpeg\" alt=\"\" class=\"wp-image-2523\" srcset=\"https:\/\/aaccea-photo.org\/WP3\/wp-content\/uploads\/2019\/04\/Unknown.jpeg 484w, https:\/\/aaccea-photo.org\/WP3\/wp-content\/uploads\/2019\/04\/Unknown-300x169.jpeg 300w\" sizes=\"(max-width: 484px) 100vw, 484px\" \/><\/figure>\n\n\n\n<p>Comme chaque ann\u00e9e, la section course \u00e0 pied organise le cross annuel du bois de la t\u00eate ronde.<\/p>\n<p>Le cross de 5600m se d\u00e9roule dans les bois et comporte 2 boucles.<\/p>\n<p><a href=\"http:\/\/asceacourseapied.jimdo.com\/\">http:\/\/asceacourseapied.jimdo.com\/<\/a><\/p>\n<p>Date : Jeudi 11 avril d\u00e9part 12h30<br \/>Lieu : Villiers le B\u00e2cle, bois de la t\u00eate rond<\/p>\n<p>Photos de Xavier et Suresh <a href=\"https:\/\/www.flickr.com\/gp\/135330759@N04\/Fp8L42\" target=\"_blank\" rel=\"noopener noreferrer\">ICI<\/a><\/p>\n","protected":false},"excerpt":{"rendered":"<p>Comme chaque ann\u00e9e, la section course \u00e0 pied organise le cross annuel du bois de la t\u00eate ronde. Le cross de 5600m se d\u00e9roule dans les bois et comporte 2 boucles. http:\/\/asceacourseapied.jimdo.com\/ Date : Jeudi 11 avril d\u00e9part 12h30Lieu : Villiers le B\u00e2cle, bois de la t\u00eate rond Photos de Xavier et Suresh ICI<\/p>\n","protected":false},"author":6,"featured_media":0,"comment_status":"open","ping_status":"open","sticky":false,"template":"","format":"standard","meta":{"footnotes":""},"categories":[9],"tags":[],"_links":{"self":[{"href":"https:\/\/aaccea-photo.org\/WP3\/wp-json\/wp\/v2\/posts\/2522"}],"collection":[{"href":"https:\/\/aaccea-photo.org\/WP3\/wp-json\/wp\/v2\/posts"}],"about":[{"href":"https:\/\/aaccea-photo.org\/WP3\/wp-json\/wp\/v2\/types\/post"}],"author":[{"embeddable":true,"href":"https:\/\/aaccea-photo.org\/WP3\/wp-json\/wp\/v2\/users\/6"}],"replies":[{"embeddable":true,"href":"https:\/\/aaccea-photo.org\/WP3\/wp-json\/wp\/v2\/comments?post=2522"}],"version-history":[{"count":2,"href":"https:\/\/aaccea-photo.org\/WP3\/wp-json\/wp\/v2\/posts\/2522\/revisions"}],"predecessor-version":[{"id":2560,"href":"https:\/\/aaccea-photo.org\/WP3\/wp-json\/wp\/v2\/posts\/2522\/revisions\/2560"}],"wp:attachment":[{"href":"https:\/\/aaccea-photo.org\/WP3\/wp-json\/wp\/v2\/media?parent=2522"}],"wp:term":[{"taxonomy":"category","embeddable":true,"href":"https:\/\/aaccea-photo.org\/WP3\/wp-json\/wp\/v2\/categories?post=2522"},{"taxonomy":"post_tag","embeddable":true,"href":"https:\/\/aaccea-photo.org\/WP3\/wp-json\/wp\/v2\/tags?post=2522"}],"curies":[{"name":"wp","href":"https:\/\/api.w.org\/{rel}","templated":true}]}}