{"id":2535,"date":"2019-06-03T12:16:30","date_gmt":"2019-06-03T10:16:30","guid":{"rendered":"http:\/\/aaccea-photo.org\/WP3\/?p=2535"},"modified":"2019-07-01T15:30:44","modified_gmt":"2019-07-01T13:30:44","slug":"reportagefete-de-la-musique-et-du-sport-2019","status":"publish","type":"post","link":"https:\/\/aaccea-photo.org\/WP3\/reportagefete-de-la-musique-et-du-sport-2019\/","title":{"rendered":"[Reportage]F\u00eate de la musique et du sport 2019"},"content":{"rendered":"\n<div class=\"wp-block-image\"><figure class=\"aligncenter\"><img loading=\"lazy\" decoding=\"async\" width=\"266\" height=\"376\" src=\"http:\/\/aaccea-photo.org\/WP3\/wp-content\/uploads\/2019\/06\/Unknown.jpeg\" alt=\"\" class=\"wp-image-2536\" srcset=\"https:\/\/aaccea-photo.org\/WP3\/wp-content\/uploads\/2019\/06\/Unknown.jpeg 266w, https:\/\/aaccea-photo.org\/WP3\/wp-content\/uploads\/2019\/06\/Unknown-212x300.jpeg 212w\" sizes=\"(max-width: 266px) 100vw, 266px\" \/><\/figure><\/div>\n\n\n\n<h1 style=\"text-align: center;\"><strong>F\u00eate de la musique<br \/>et<br \/>course inter-service 2019<\/strong><\/h1>\n<p>Reportage photo pour la course de relais inter-service et la f\u00eate de la musique.<\/p>\n<p>Photographes : S\u00e9bastien, Xavier, Suresh, R\u00e9gis<\/p>\n<ul>\n<li><strong>Course relais<br \/><\/strong><\/li>\n<\/ul>\n<p>Galerie photo : <a href=\"https:\/\/www.flickr.com\/gp\/135330759@N04\/9e12A3\" target=\"_blank\" rel=\"noopener noreferrer\">ICI<\/a><\/p>\n<ul>\n<li><strong>Ambiance (Stand, musique)<\/strong><\/li>\n<\/ul>\n<p>Galerie photo : <a href=\"https:\/\/www.flickr.com\/gp\/135330759@N04\/1Fr2X6\" target=\"_blank\" rel=\"noopener noreferrer\">ICI<\/a><\/p>\n<ul>\n<li><strong>Groupe Vocal (mardi 18 Juin)<\/strong><\/li>\n<\/ul>\n<p>Galerie photo : <a href=\"https:\/\/www.flickr.com\/gp\/135330759@N04\/52uZ15\" target=\"_blank\" rel=\"noopener noreferrer\">ICI<\/a><\/p>\n<ul>\n<li><strong>Piano (jeudi 21 Juin)<br \/><\/strong><\/li>\n<\/ul>\n<p>Galerie photo : <a href=\"https:\/\/www.flickr.com\/gp\/135330759@N04\/JbEH4b\" target=\"_blank\" rel=\"noopener noreferrer\">ICI<\/a><\/p>\n<p>\u00a0<\/p>\n","protected":false},"excerpt":{"rendered":"<p>F\u00eate de la musiqueetcourse inter-service 2019 Reportage photo pour la course de relais inter-service et la f\u00eate de la musique. Photographes : S\u00e9bastien, Xavier, Suresh, R\u00e9gis Course relais Galerie photo : ICI Ambiance (Stand, musique) Galerie photo : ICI Groupe Vocal (mardi 18 Juin) Galerie photo : ICI Piano (jeudi 21 Juin) Galerie photo :&hellip;<\/p>\n","protected":false},"author":6,"featured_media":0,"comment_status":"open","ping_status":"open","sticky":false,"template":"","format":"standard","meta":{"footnotes":""},"categories":[9],"tags":[],"_links":{"self":[{"href":"https:\/\/aaccea-photo.org\/WP3\/wp-json\/wp\/v2\/posts\/2535"}],"collection":[{"href":"https:\/\/aaccea-photo.org\/WP3\/wp-json\/wp\/v2\/posts"}],"about":[{"href":"https:\/\/aaccea-photo.org\/WP3\/wp-json\/wp\/v2\/types\/post"}],"author":[{"embeddable":true,"href":"https:\/\/aaccea-photo.org\/WP3\/wp-json\/wp\/v2\/users\/6"}],"replies":[{"embeddable":true,"href":"https:\/\/aaccea-photo.org\/WP3\/wp-json\/wp\/v2\/comments?post=2535"}],"version-history":[{"count":11,"href":"https:\/\/aaccea-photo.org\/WP3\/wp-json\/wp\/v2\/posts\/2535\/revisions"}],"predecessor-version":[{"id":2578,"href":"https:\/\/aaccea-photo.org\/WP3\/wp-json\/wp\/v2\/posts\/2535\/revisions\/2578"}],"wp:attachment":[{"href":"https:\/\/aaccea-photo.org\/WP3\/wp-json\/wp\/v2\/media?parent=2535"}],"wp:term":[{"taxonomy":"category","embeddable":true,"href":"https:\/\/aaccea-photo.org\/WP3\/wp-json\/wp\/v2\/categories?post=2535"},{"taxonomy":"post_tag","embeddable":true,"href":"https:\/\/aaccea-photo.org\/WP3\/wp-json\/wp\/v2\/tags?post=2535"}],"curies":[{"name":"wp","href":"https:\/\/api.w.org\/{rel}","templated":true}]}}