{"id":2665,"date":"2019-09-20T12:24:05","date_gmt":"2019-09-20T10:24:05","guid":{"rendered":"http:\/\/aaccea-photo.org\/WP3\/?p=2665"},"modified":"2019-11-15T12:25:28","modified_gmt":"2019-11-15T11:25:28","slug":"reportage-journees-mobilite","status":"publish","type":"post","link":"https:\/\/aaccea-photo.org\/WP3\/reportage-journees-mobilite\/","title":{"rendered":"[Reportage] Journ\u00e9es Mobilit\u00e9"},"content":{"rendered":"\n<p><img loading=\"lazy\" decoding=\"async\" class=\"alignleft\" src=\"http:\/\/www-saclay.cea.fr\/Phocea\/file.php?class=pere&amp;file=Images\/News\/4110\/TOUR_A_VELO_2019.jpg\" alt=\"img\" width=\"164\" height=\"237\" \/><\/p>\n<p>Le centre nous a sollicit\u00e9 pour r\u00e9aliser des photos lors des journ\u00e9es de la mobilit\u00e9 le jeudi 19 et vendredi 20 Septembre.<\/p>\n<p>Retrouv\u00e9 les photos de Xavier et Suresh <a href=\"https:\/\/www.flickr.com\/gp\/135330759@N04\/mAP5sy\" target=\"_blank\" rel=\"noopener noreferrer\">ICI<\/a><\/p>\n","protected":false},"excerpt":{"rendered":"<p>Le centre nous a sollicit\u00e9 pour r\u00e9aliser des photos lors des journ\u00e9es de la mobilit\u00e9 le jeudi 19 et vendredi 20 Septembre. Retrouv\u00e9 les photos de Xavier et Suresh ICI<\/p>\n","protected":false},"author":6,"featured_media":0,"comment_status":"open","ping_status":"open","sticky":false,"template":"","format":"standard","meta":{"footnotes":""},"categories":[9],"tags":[],"_links":{"self":[{"href":"https:\/\/aaccea-photo.org\/WP3\/wp-json\/wp\/v2\/posts\/2665"}],"collection":[{"href":"https:\/\/aaccea-photo.org\/WP3\/wp-json\/wp\/v2\/posts"}],"about":[{"href":"https:\/\/aaccea-photo.org\/WP3\/wp-json\/wp\/v2\/types\/post"}],"author":[{"embeddable":true,"href":"https:\/\/aaccea-photo.org\/WP3\/wp-json\/wp\/v2\/users\/6"}],"replies":[{"embeddable":true,"href":"https:\/\/aaccea-photo.org\/WP3\/wp-json\/wp\/v2\/comments?post=2665"}],"version-history":[{"count":1,"href":"https:\/\/aaccea-photo.org\/WP3\/wp-json\/wp\/v2\/posts\/2665\/revisions"}],"predecessor-version":[{"id":2666,"href":"https:\/\/aaccea-photo.org\/WP3\/wp-json\/wp\/v2\/posts\/2665\/revisions\/2666"}],"wp:attachment":[{"href":"https:\/\/aaccea-photo.org\/WP3\/wp-json\/wp\/v2\/media?parent=2665"}],"wp:term":[{"taxonomy":"category","embeddable":true,"href":"https:\/\/aaccea-photo.org\/WP3\/wp-json\/wp\/v2\/categories?post=2665"},{"taxonomy":"post_tag","embeddable":true,"href":"https:\/\/aaccea-photo.org\/WP3\/wp-json\/wp\/v2\/tags?post=2665"}],"curies":[{"name":"wp","href":"https:\/\/api.w.org\/{rel}","templated":true}]}}