{"id":2811,"date":"2022-06-28T12:20:04","date_gmt":"2022-06-28T10:20:04","guid":{"rendered":"http:\/\/aaccea-photo.org\/WP3\/?p=2811"},"modified":"2022-06-28T14:20:58","modified_gmt":"2022-06-28T12:20:58","slug":"reportage-fete-de-la-musique-et-du-sport","status":"publish","type":"post","link":"https:\/\/aaccea-photo.org\/WP3\/reportage-fete-de-la-musique-et-du-sport\/","title":{"rendered":"[Reportage] F\u00eate de la musique et du sport 2022"},"content":{"rendered":"\n<h1 style=\"text-align: center;\"><strong>F\u00eate de la musique<br \/>et<br \/>course inter-service 2022<\/strong><\/h1>\n<p style=\"text-align: center;\"><img loading=\"lazy\" decoding=\"async\" class=\"aligncenter size-medium wp-image-2812\" src=\"http:\/\/aaccea-photo.org\/WP3\/wp-content\/uploads\/2022\/06\/Unknown-300x194.png\" alt=\"\" width=\"300\" height=\"194\" srcset=\"https:\/\/aaccea-photo.org\/WP3\/wp-content\/uploads\/2022\/06\/Unknown-300x194.png 300w, https:\/\/aaccea-photo.org\/WP3\/wp-content\/uploads\/2022\/06\/Unknown.png 548w\" sizes=\"(max-width: 300px) 100vw, 300px\" \/><\/p>\n<p>Reportage photo pour la course de relais inter-service et la f\u00eate de la musique.<\/p>\n<p>Photographes : Yves, S\u00e9bastien, Xavier, Suresh, R\u00e9gis<\/p>\n<ul>\n<li>\n<h2><strong>Course relais<br \/><\/strong><\/h2>\n<\/li>\n<\/ul>\n<h2>Galerie photo : <a href=\"https:\/\/www.flickr.com\/gp\/135330759@N04\/t8FF0H\" target=\"_blank\" rel=\"noopener noreferrer\">ICI<\/a><\/h2>\n<ul>\n<li>\n<h2><strong>Ambiances (\u00e9quipes, stand, musique)<\/strong><\/h2>\n<\/li>\n<\/ul>\n<h2>Galerie photo : <a href=\"https:\/\/www.flickr.com\/gp\/135330759@N04\/3G21WC\" target=\"_blank\" rel=\"noopener noreferrer\">ICI<\/a><\/h2>\n","protected":false},"excerpt":{"rendered":"<p>F\u00eate de la musiqueetcourse inter-service 2022 Reportage photo pour la course de relais inter-service et la f\u00eate de la musique. Photographes : Yves, S\u00e9bastien, Xavier, Suresh, R\u00e9gis Course relais Galerie photo : ICI Ambiances (\u00e9quipes, stand, musique) Galerie photo : ICI<\/p>\n","protected":false},"author":6,"featured_media":0,"comment_status":"open","ping_status":"open","sticky":false,"template":"","format":"standard","meta":{"footnotes":""},"categories":[9],"tags":[],"_links":{"self":[{"href":"https:\/\/aaccea-photo.org\/WP3\/wp-json\/wp\/v2\/posts\/2811"}],"collection":[{"href":"https:\/\/aaccea-photo.org\/WP3\/wp-json\/wp\/v2\/posts"}],"about":[{"href":"https:\/\/aaccea-photo.org\/WP3\/wp-json\/wp\/v2\/types\/post"}],"author":[{"embeddable":true,"href":"https:\/\/aaccea-photo.org\/WP3\/wp-json\/wp\/v2\/users\/6"}],"replies":[{"embeddable":true,"href":"https:\/\/aaccea-photo.org\/WP3\/wp-json\/wp\/v2\/comments?post=2811"}],"version-history":[{"count":5,"href":"https:\/\/aaccea-photo.org\/WP3\/wp-json\/wp\/v2\/posts\/2811\/revisions"}],"predecessor-version":[{"id":2830,"href":"https:\/\/aaccea-photo.org\/WP3\/wp-json\/wp\/v2\/posts\/2811\/revisions\/2830"}],"wp:attachment":[{"href":"https:\/\/aaccea-photo.org\/WP3\/wp-json\/wp\/v2\/media?parent=2811"}],"wp:term":[{"taxonomy":"category","embeddable":true,"href":"https:\/\/aaccea-photo.org\/WP3\/wp-json\/wp\/v2\/categories?post=2811"},{"taxonomy":"post_tag","embeddable":true,"href":"https:\/\/aaccea-photo.org\/WP3\/wp-json\/wp\/v2\/tags?post=2811"}],"curies":[{"name":"wp","href":"https:\/\/api.w.org\/{rel}","templated":true}]}}