{"id":2833,"date":"2022-07-01T17:14:00","date_gmt":"2022-07-01T15:14:00","guid":{"rendered":"http:\/\/aaccea-photo.org\/WP3\/?p=2833"},"modified":"2022-07-22T14:12:49","modified_gmt":"2022-07-22T12:12:49","slug":"sortie-festival-de-la-photo-animaliere","status":"publish","type":"post","link":"https:\/\/aaccea-photo.org\/WP3\/sortie-festival-de-la-photo-animaliere\/","title":{"rendered":"[Sortie] Festival de la photo animali\u00e8re"},"content":{"rendered":"\n<h2 class=\"has-text-align-center wp-block-heading\">Cette ann\u00e9e encore la section photo organise une sortie de deux jours au Festival de photo animali\u00e8re \u00e0 Montier en Der.<\/h2>\n\n\n\n<div class=\"wp-block-image\"><figure class=\"aligncenter size-large is-resized\"><img loading=\"lazy\" decoding=\"async\" src=\"http:\/\/aaccea-photo.org\/WP3\/wp-content\/uploads\/2022\/07\/Affiche-679x1024.png\" alt=\"\" class=\"wp-image-2834\" width=\"364\" height=\"548\" srcset=\"https:\/\/aaccea-photo.org\/WP3\/wp-content\/uploads\/2022\/07\/Affiche-679x1024.png 679w, https:\/\/aaccea-photo.org\/WP3\/wp-content\/uploads\/2022\/07\/Affiche-199x300.png 199w, https:\/\/aaccea-photo.org\/WP3\/wp-content\/uploads\/2022\/07\/Affiche-768x1158.png 768w, https:\/\/aaccea-photo.org\/WP3\/wp-content\/uploads\/2022\/07\/Affiche-1018x1536.png 1018w, https:\/\/aaccea-photo.org\/WP3\/wp-content\/uploads\/2022\/07\/Affiche.png 1208w\" sizes=\"(max-width: 364px) 100vw, 364px\" \/><\/figure><\/div>\n\n\n\n<p><\/p>\n\n\n\n<p>Cette ann\u00e9e elle se d\u00e9roulera le samedi 19 et le dimanche 20 novembre.<\/p>\n\n\n\n<p>-&gt; <em><strong>D\u00e9part<\/strong> <\/em>le samedi 19 novembre matin en covoiturage<br>&lt;- <em><strong>Retour<\/strong><\/em> le dimanche 18 novembre dans l\u2019apr\u00e8s-midi.<\/p>\n\n\n\n<p>Le trajet se fait en covoiturage au d\u00e9part des environs de Saclay, et une nuit d\u2019h\u00f4tel est pr\u00e9vue avec le repas du soir le samedi soir.<br>Cette sortie est tr\u00e8s agr\u00e9able et nombreux sont ceux qui reviennent chaque ann\u00e9e pour le plaisir de la convivialit\u00e9 autour de notre passion.<br>Par ailleurs, nul besoin d&rsquo;\u00eatre photographe animalier pour appr\u00e9cier la qualit\u00e9 exceptionnelle des photos expos\u00e9es.<\/p>\n\n\n\n<h2 class=\"has-text-align-center wp-block-heading\">Le festival<\/h2>\n\n\n\n<div class=\"wp-block-image\"><figure class=\"aligncenter size-large is-resized\"><img loading=\"lazy\" decoding=\"async\" src=\"http:\/\/aaccea-photo.org\/WP3\/wp-content\/uploads\/2022\/07\/bandeau-1024x519.png\" alt=\"\" class=\"wp-image-2835\" width=\"296\" height=\"149\" srcset=\"https:\/\/aaccea-photo.org\/WP3\/wp-content\/uploads\/2022\/07\/bandeau-1024x519.png 1024w, https:\/\/aaccea-photo.org\/WP3\/wp-content\/uploads\/2022\/07\/bandeau-300x152.png 300w, https:\/\/aaccea-photo.org\/WP3\/wp-content\/uploads\/2022\/07\/bandeau-768x389.png 768w, https:\/\/aaccea-photo.org\/WP3\/wp-content\/uploads\/2022\/07\/bandeau.png 1230w\" sizes=\"(max-width: 296px) 100vw, 296px\" \/><\/figure><\/div>\n\n\n\n<p class=\"has-text-align-center\">Pour plus d\u2019information :&nbsp;<a rel=\"noreferrer noopener\" href=\"https:\/\/www.photo-montier.org\/\" target=\"_blank\">https:\/\/www.photo-montier.org\/<\/a><\/p>\n\n\n\n<h3 class=\"has-text-align-center wp-block-heading\"><strong><em>Les inscrits :<\/em><\/strong><br>ATTENTION inscription obligatoire pour r\u00e9server l&rsquo;h\u00f4tel, date limite d\u2019inscription le 18 Juillet.<br>Pour vous inscrire envoyer un mail&nbsp; \u00e0 <a rel=\"noreferrer noopener\" href=\"mailto:\/BRUN.Philippe@cea.fr\" target=\"_blank\">Philippe<\/a><\/h3>\n\n\n\n<ul><li>Philippe<\/li><li>Sigrid<\/li><li>Louis<\/li><li>Suresh<\/li><li>Sylvain<\/li><li>Yves<\/li><li>Xavier<\/li><li>Jean-Yves<\/li><li>Annie<\/li><li>Armand<\/li><\/ul>\n\n\n\n<p>Merci \u00e0 Philippe Brun de s&rsquo;occuper encore cette ann\u00e9e de l&rsquo;organisation de la sortie(r\u00e9servation d\u2019h\u00f4tel et de restaurant).<\/p>\n","protected":false},"excerpt":{"rendered":"<p>Cette ann\u00e9e encore la section photo organise une sortie de deux jours au Festival de photo animali\u00e8re \u00e0 Montier en Der. Cette ann\u00e9e elle se d\u00e9roulera le samedi 19 et le dimanche 20 novembre. -&gt; D\u00e9part le samedi 19 novembre matin en covoiturage&lt;- Retour le dimanche 18 novembre dans l\u2019apr\u00e8s-midi. Le trajet se fait en&hellip;<\/p>\n","protected":false},"author":6,"featured_media":0,"comment_status":"open","ping_status":"open","sticky":false,"template":"","format":"standard","meta":{"footnotes":""},"categories":[11],"tags":[],"_links":{"self":[{"href":"https:\/\/aaccea-photo.org\/WP3\/wp-json\/wp\/v2\/posts\/2833"}],"collection":[{"href":"https:\/\/aaccea-photo.org\/WP3\/wp-json\/wp\/v2\/posts"}],"about":[{"href":"https:\/\/aaccea-photo.org\/WP3\/wp-json\/wp\/v2\/types\/post"}],"author":[{"embeddable":true,"href":"https:\/\/aaccea-photo.org\/WP3\/wp-json\/wp\/v2\/users\/6"}],"replies":[{"embeddable":true,"href":"https:\/\/aaccea-photo.org\/WP3\/wp-json\/wp\/v2\/comments?post=2833"}],"version-history":[{"count":3,"href":"https:\/\/aaccea-photo.org\/WP3\/wp-json\/wp\/v2\/posts\/2833\/revisions"}],"predecessor-version":[{"id":2843,"href":"https:\/\/aaccea-photo.org\/WP3\/wp-json\/wp\/v2\/posts\/2833\/revisions\/2843"}],"wp:attachment":[{"href":"https:\/\/aaccea-photo.org\/WP3\/wp-json\/wp\/v2\/media?parent=2833"}],"wp:term":[{"taxonomy":"category","embeddable":true,"href":"https:\/\/aaccea-photo.org\/WP3\/wp-json\/wp\/v2\/categories?post=2833"},{"taxonomy":"post_tag","embeddable":true,"href":"https:\/\/aaccea-photo.org\/WP3\/wp-json\/wp\/v2\/tags?post=2833"}],"curies":[{"name":"wp","href":"https:\/\/api.w.org\/{rel}","templated":true}]}}