{"id":2863,"date":"2022-08-31T15:27:00","date_gmt":"2022-08-31T13:27:00","guid":{"rendered":"http:\/\/aaccea-photo.org\/WP3\/?p=2863"},"modified":"2022-09-07T15:34:35","modified_gmt":"2022-09-07T13:34:35","slug":"aaccea-musique-saison-2021-2022","status":"publish","type":"post","link":"https:\/\/aaccea-photo.org\/WP3\/aaccea-musique-saison-2021-2022\/","title":{"rendered":"AACCEA-Musique Saison 2021-2022"},"content":{"rendered":"\n<h1 style=\"text-align: center;\"><em><strong>Reportage photo des concerts<br \/>section AAC CEA Musique<\/strong><\/em><br \/><em><strong>Saison 2021-2022<\/strong><\/em><\/h1>\n<p><a href=\"http:\/\/aaccea-photo.org\/WP3\/wp-content\/uploads\/2019\/02\/39107070670_c82efc47a7_z.jpg\"><img loading=\"lazy\" decoding=\"async\" class=\"aligncenter size-medium wp-image-2470\" src=\"http:\/\/aaccea-photo.org\/WP3\/wp-content\/uploads\/2019\/02\/39107070670_c82efc47a7_z-300x199.jpg\" alt=\"\" width=\"300\" height=\"199\" srcset=\"https:\/\/aaccea-photo.org\/WP3\/wp-content\/uploads\/2019\/02\/39107070670_c82efc47a7_z-300x199.jpg 300w, https:\/\/aaccea-photo.org\/WP3\/wp-content\/uploads\/2019\/02\/39107070670_c82efc47a7_z.jpg 640w\" sizes=\"(max-width: 300px) 100vw, 300px\" \/><\/a><\/p>\n<h2><em><strong>=&gt; Galerie photo des concerts 2021-2022 :<\/strong><\/em><\/h2>\n<h4>&#8211; Jeudi 07 Juillet Novotel de Saclay\u00a0 Brunk et Sihy<i>\u00e9<br \/>Photos : <a href=\"https:\/\/www.flickr.com\/gp\/135330759@N04\/4m376a7J3A\" target=\"_blank\" rel=\"noopener noreferrer\">S\u00e9bastien<\/a><br \/><\/i><\/h4>\n<h4><b>&#8211; <\/b>Jeudi 30 Juin Best Western de Saulx les Chartreux CatArno, Sihy\u00e9<br \/>Photos : <a href=\"https:\/\/www.flickr.com\/gp\/135330759@N04\/g7RA687P2t\" target=\"_blank\" rel=\"noopener noreferrer\">S\u00e9bastien, R\u00e9gis et Yves<\/a><\/h4>\n<h4>&#8211; Dimanche 15 Mai Parc de Saulx-les-Chartreux Sihy\u00e9.<br \/>Photos : <a href=\"https:\/\/www.flickr.com\/gp\/135330759@N04\/m0Q12J\" target=\"_blank\" rel=\"noopener noreferrer\">Yves<\/a><\/h4>\n<h4>&#8211; Jeudi 28 Avril Novotel Massy Sihy\u00e9 acoustique et CatArno.<br \/>Photos : <a href=\"https:\/\/www.flickr.com\/gp\/135330759@N04\/A17543\" target=\"_blank\" rel=\"noopener noreferrer\">R\u00e9gis<\/a><\/h4>\n<h4>&#8211; Jeudi 21 Avril Novotel de Massy Tendre Mixeur<br \/>Photos : <a href=\"https:\/\/www.flickr.com\/gp\/135330759@N04\/7f8L40\" target=\"_blank\" rel=\"noopener noreferrer\">Yves<\/a><\/h4>\n<h4>&#8211; Jeudi 14 Avril Novotel de Massy Sihy\u00e9.<br \/>Photos : <a href=\"https:\/\/www.flickr.com\/gp\/135330759@N04\/20G5V9\" target=\"_blank\" rel=\"noopener noreferrer\">Yves<\/a><\/h4>\n<h4>&#8211; Jeudi 07 Mars Best Western Sihy\u00e9.<br \/>Photos : <a href=\"https:\/\/www.flickr.com\/gp\/135330759@N04\/ip8LLX\" target=\"_blank\" rel=\"noopener noreferrer\">R\u00e9gis<\/a><\/h4>\n<p>\u00a0<\/p>\n","protected":false},"excerpt":{"rendered":"<p>Reportage photo des concertssection AAC CEA MusiqueSaison 2021-2022 =&gt; Galerie photo des concerts 2021-2022 : &#8211; Jeudi 07 Juillet Novotel de Saclay\u00a0 Brunk et Sihy\u00e9Photos : S\u00e9bastien &#8211; Jeudi 30 Juin Best Western de Saulx les Chartreux CatArno, Sihy\u00e9Photos : S\u00e9bastien, R\u00e9gis et Yves &#8211; Dimanche 15 Mai Parc de Saulx-les-Chartreux Sihy\u00e9.Photos : Yves &#8211;&hellip;<\/p>\n","protected":false},"author":6,"featured_media":0,"comment_status":"open","ping_status":"open","sticky":false,"template":"","format":"standard","meta":{"footnotes":""},"categories":[1],"tags":[],"_links":{"self":[{"href":"https:\/\/aaccea-photo.org\/WP3\/wp-json\/wp\/v2\/posts\/2863"}],"collection":[{"href":"https:\/\/aaccea-photo.org\/WP3\/wp-json\/wp\/v2\/posts"}],"about":[{"href":"https:\/\/aaccea-photo.org\/WP3\/wp-json\/wp\/v2\/types\/post"}],"author":[{"embeddable":true,"href":"https:\/\/aaccea-photo.org\/WP3\/wp-json\/wp\/v2\/users\/6"}],"replies":[{"embeddable":true,"href":"https:\/\/aaccea-photo.org\/WP3\/wp-json\/wp\/v2\/comments?post=2863"}],"version-history":[{"count":2,"href":"https:\/\/aaccea-photo.org\/WP3\/wp-json\/wp\/v2\/posts\/2863\/revisions"}],"predecessor-version":[{"id":2867,"href":"https:\/\/aaccea-photo.org\/WP3\/wp-json\/wp\/v2\/posts\/2863\/revisions\/2867"}],"wp:attachment":[{"href":"https:\/\/aaccea-photo.org\/WP3\/wp-json\/wp\/v2\/media?parent=2863"}],"wp:term":[{"taxonomy":"category","embeddable":true,"href":"https:\/\/aaccea-photo.org\/WP3\/wp-json\/wp\/v2\/categories?post=2863"},{"taxonomy":"post_tag","embeddable":true,"href":"https:\/\/aaccea-photo.org\/WP3\/wp-json\/wp\/v2\/tags?post=2863"}],"curies":[{"name":"wp","href":"https:\/\/api.w.org\/{rel}","templated":true}]}}