{"id":2869,"date":"2022-11-01T16:00:00","date_gmt":"2022-11-01T15:00:00","guid":{"rendered":"http:\/\/aaccea-photo.org\/WP3\/?p=2869"},"modified":"2022-11-25T16:24:59","modified_gmt":"2022-11-25T15:24:59","slug":"sortie-vallee-de-chevreuse","status":"publish","type":"post","link":"https:\/\/aaccea-photo.org\/WP3\/sortie-vallee-de-chevreuse\/","title":{"rendered":"[SORTIE\/FORMATION] Vall\u00e9e de Chevreuse"},"content":{"rendered":"\n<div class=\"wp-block-group is-layout-flow wp-block-group-is-layout-flow\"><div class=\"wp-block-group__inner-container\">\n<h2 style=\"text-align: center;\"><em><strong><span style=\"text-decoration: underline;\">Sortie<\/span> Photo tous niveaux en vall\u00e9e de Chevreuse.<br \/>et<br \/><span style=\"text-decoration: underline;\">Formation<\/span> sur les bases de la photographie<br \/>et<br \/><span style=\"text-decoration: underline;\">D\u00e9briefing<\/span> photo<br \/><\/strong><\/em><\/h2>\n\n\n<div class=\"wp-block-image is-style-default\">\n<figure class=\"aligncenter size-large is-resized\"><img loading=\"lazy\" decoding=\"async\" src=\"http:\/\/aaccea-photo.org\/WP3\/wp-content\/uploads\/2022\/09\/Sortie-Chevreuse-723x1024.jpg\" alt=\"\" class=\"wp-image-2870\" width=\"603\" height=\"853\" srcset=\"https:\/\/aaccea-photo.org\/WP3\/wp-content\/uploads\/2022\/09\/Sortie-Chevreuse-723x1024.jpg 723w, https:\/\/aaccea-photo.org\/WP3\/wp-content\/uploads\/2022\/09\/Sortie-Chevreuse-212x300.jpg 212w, https:\/\/aaccea-photo.org\/WP3\/wp-content\/uploads\/2022\/09\/Sortie-Chevreuse-768x1087.jpg 768w, https:\/\/aaccea-photo.org\/WP3\/wp-content\/uploads\/2022\/09\/Sortie-Chevreuse-1085x1536.jpg 1085w, https:\/\/aaccea-photo.org\/WP3\/wp-content\/uploads\/2022\/09\/Sortie-Chevreuse.jpg 1239w\" sizes=\"(max-width: 603px) 100vw, 603px\" \/><\/figure><\/div><\/div><\/div>\n\n\n\n<h3 style=\"text-align: center;\"><strong>Merci \u00e0 tous pour votre participation \u00e0 la formation, \u00e0 la sortie et au d\u00e9briefing photo.<br \/><\/strong><\/h3>\n<p style=\"text-align: center;\">La galerie des photos r\u00e9alis\u00e9es lors de la sortie est <a href=\"https:\/\/www.flickr.com\/gp\/135330759@N04\/DivTdG87Cd\" target=\"_blank\" rel=\"noopener\">ICI<\/a><\/p>\n","protected":false},"excerpt":{"rendered":"<p>Sortie Photo tous niveaux en vall\u00e9e de Chevreuse.etFormation sur les bases de la photographieetD\u00e9briefing photo Merci \u00e0 tous pour votre participation \u00e0 la formation, \u00e0 la sortie et au d\u00e9briefing photo. La galerie des photos r\u00e9alis\u00e9es lors de la sortie est ICI<\/p>\n","protected":false},"author":6,"featured_media":0,"comment_status":"open","ping_status":"open","sticky":false,"template":"","format":"standard","meta":{"footnotes":""},"categories":[11],"tags":[],"_links":{"self":[{"href":"https:\/\/aaccea-photo.org\/WP3\/wp-json\/wp\/v2\/posts\/2869"}],"collection":[{"href":"https:\/\/aaccea-photo.org\/WP3\/wp-json\/wp\/v2\/posts"}],"about":[{"href":"https:\/\/aaccea-photo.org\/WP3\/wp-json\/wp\/v2\/types\/post"}],"author":[{"embeddable":true,"href":"https:\/\/aaccea-photo.org\/WP3\/wp-json\/wp\/v2\/users\/6"}],"replies":[{"embeddable":true,"href":"https:\/\/aaccea-photo.org\/WP3\/wp-json\/wp\/v2\/comments?post=2869"}],"version-history":[{"count":12,"href":"https:\/\/aaccea-photo.org\/WP3\/wp-json\/wp\/v2\/posts\/2869\/revisions"}],"predecessor-version":[{"id":2938,"href":"https:\/\/aaccea-photo.org\/WP3\/wp-json\/wp\/v2\/posts\/2869\/revisions\/2938"}],"wp:attachment":[{"href":"https:\/\/aaccea-photo.org\/WP3\/wp-json\/wp\/v2\/media?parent=2869"}],"wp:term":[{"taxonomy":"category","embeddable":true,"href":"https:\/\/aaccea-photo.org\/WP3\/wp-json\/wp\/v2\/categories?post=2869"},{"taxonomy":"post_tag","embeddable":true,"href":"https:\/\/aaccea-photo.org\/WP3\/wp-json\/wp\/v2\/tags?post=2869"}],"curies":[{"name":"wp","href":"https:\/\/api.w.org\/{rel}","templated":true}]}}