{"id":2889,"date":"2022-11-24T12:26:00","date_gmt":"2022-11-24T11:26:00","guid":{"rendered":"http:\/\/aaccea-photo.org\/WP3\/?p=2889"},"modified":"2022-12-20T11:36:05","modified_gmt":"2022-12-20T10:36:05","slug":"reportage70-ans-centre-cea-saclay","status":"publish","type":"post","link":"https:\/\/aaccea-photo.org\/WP3\/reportage70-ans-centre-cea-saclay\/","title":{"rendered":"[reportage]70 ANS centre CEA\/Saclay"},"content":{"rendered":"\n<p><a href=\"http:\/\/aaccea-photo.org\/WP3\/wp-content\/uploads\/2022\/10\/Unknown.png\"><img loading=\"lazy\" decoding=\"async\" class=\"aligncenter size-full wp-image-2892\" src=\"http:\/\/aaccea-photo.org\/WP3\/wp-content\/uploads\/2022\/10\/Unknown.png\" alt=\"\" width=\"567\" height=\"177\" srcset=\"https:\/\/aaccea-photo.org\/WP3\/wp-content\/uploads\/2022\/10\/Unknown.png 567w, https:\/\/aaccea-photo.org\/WP3\/wp-content\/uploads\/2022\/10\/Unknown-300x94.png 300w\" sizes=\"(max-width: 567px) 100vw, 567px\" \/><\/a><\/p>\n<h3 style=\"text-align: center;\">1952-2022 : C\u00e9l\u00e9brons ensemble les 70 ans de notre Centre !<\/h3>\n<p style=\"text-align: center;\">Un anniversaire est l\u2019occasion de nous retrouver, de nous rassembler autour d\u2019une histoire, de valeurs et de projets. Du 6 octobre au 15 d\u00e9cembre, cette c\u00e9l\u00e9bration prendra la forme d\u2019un \u00ab voyage \u00bb en 70 jours et 7 \u00e9tapes con\u00e7ues pour \u00eatre ludiques et chaleureuses afin de red\u00e9couvrir et de c\u00e9l\u00e9brer la riche histoire du site CEA de Saclay. Les premi\u00e8res \u00e9quipes sont en effet arriv\u00e9es en octobre 1952.<br \/><br \/>Christian Bailly<br \/>Directeur du CEA Paris-Saclay<\/p>\n<h3><a href=\"http:\/\/aaccea-photo.org\/WP3\/wp-content\/uploads\/2022\/10\/repas.png\"><img loading=\"lazy\" decoding=\"async\" class=\"alignleft size-full wp-image-2890\" src=\"http:\/\/aaccea-photo.org\/WP3\/wp-content\/uploads\/2022\/10\/repas.png\" alt=\"\" width=\"265\" height=\"188\" \/><\/a>Jeudi 6 octobre,<\/h3>\n<p>Un ap\u00e9ritif et un dessert pour marquer cet anniversaire, rendez-vous aux restaurants R1 et R2 pour d\u00e9buter cette s\u00e9rie d\u2019\u00e9v\u00e9nements dans un cadre festif en musique. Ap\u00e9ritif et g\u00e2teaux d\u2019anniversaire offerts.<\/p>\n<p><em><strong>Galerie photo :<\/strong> <\/em><br \/><strong>Restaurant 1<\/strong> -&gt; R\u00e9gis <a href=\"https:\/\/www.flickr.com\/gp\/135330759@N04\/A942zcu4o9\" target=\"_blank\" rel=\"noopener noreferrer\">PHOTOS<\/a><br \/><strong>Restaurant 2<\/strong> -&gt; Yves <a href=\"https:\/\/www.flickr.com\/gp\/135330759@N04\/9NWLMwet1L\" target=\"_blank\" rel=\"noopener noreferrer\">PHOTOS<\/a><br \/><br \/><\/p>\n<p><strong><a href=\"http:\/\/aaccea-photo.org\/WP3\/wp-content\/uploads\/2022\/10\/serie.png\"><img loading=\"lazy\" decoding=\"async\" class=\"alignright size-full wp-image-2894\" src=\"http:\/\/aaccea-photo.org\/WP3\/wp-content\/uploads\/2022\/10\/serie.png\" alt=\"\" width=\"265\" height=\"188\" \/><\/a>Saclay fait son cin\u00e9ma <\/strong><strong>\u00ab Rictus \u00bb, une s\u00e9rie qui sera diffus\u00e9e sur OCS-Orange se tourne au CEA Saclay\u00a0!<\/strong><\/p>\n<p><em>Vous d\u00e9couvrirez les lieux de tournages, vous pourrez visiter les d\u00e9cors, rencontrer les com\u00e9diens et tous ceux qui travaillent sur un plateau de cin\u00e9ma. Des sc\u00e8nes seront tourn\u00e9es sous vos yeux !<\/em><\/p>\n<p><em><strong>Galerie photo : Xavier et R\u00e9gis -&gt; <\/strong><\/em>En attente de validation par la production de Rictus <br \/><br \/><\/p>\n<p>\u00a0<\/p>\n<p><strong><a href=\"http:\/\/aaccea-photo.org\/WP3\/wp-content\/uploads\/2022\/10\/plantation.png\"><img loading=\"lazy\" decoding=\"async\" class=\"alignleft size-full wp-image-2896\" src=\"http:\/\/aaccea-photo.org\/WP3\/wp-content\/uploads\/2022\/10\/plantation.png\" alt=\"\" width=\"265\" height=\"188\" \/><\/a>Saclay, des hommes et des arbres, l<\/strong><strong>e 18 octobre.<\/strong><\/p>\n<p><em>Plantation d\u2019un arbre symbolique devant le b\u00e2timent de direction et lancement d\u2019une campagne de plantation de 70 arbres de 7 essences diff\u00e9rentes, <\/em><\/p>\n<p><em>Expositions \u00ab 70 ans, 70 arbres \u00bb, \u00e0 proximit\u00e9 du R1 et du R2,<br \/><\/em><em>Exposition de photos \u00ab Les Arboret\u2019Hommes \u00bb au R1.<\/em><\/p>\n<p><em><strong>Galerie photo : <br \/><\/strong><\/em><strong>Plantation du 18 Octobre et distribution marque pages<\/strong><em><strong>\u00a0 -&gt; <\/strong><\/em>Sigrid et Xavier <a href=\"https:\/\/www.flickr.com\/gp\/135330759@N04\/V50kPoQfT4\" target=\"_blank\" rel=\"noopener noreferrer\">PHOTOS<\/a><em><strong><br \/><\/strong><\/em><\/p>\n<p><strong>\u00a0<\/strong><\/p>\n<p><strong><a href=\"http:\/\/aaccea-photo.org\/WP3\/wp-content\/uploads\/2022\/10\/escape.png\"><img loading=\"lazy\" decoding=\"async\" class=\"alignright size-full wp-image-2891\" src=\"http:\/\/aaccea-photo.org\/WP3\/wp-content\/uploads\/2022\/10\/escape.png\" alt=\"\" width=\"265\" height=\"188\" \/><\/a>Saclay, myst\u00e8re en immersion du 14 au 18 novembre, p<\/strong><strong>longez dans une exp\u00e9rience in\u00e9dite et immersive<\/strong><\/p>\n<p><em>Tentez de r\u00e9soudre des \u00e9nigmes en \u00e9quipes autour d\u2019un sc\u00e9nario : un groupe de chercheurs est en proie au doute. Depuis qu\u2019ils se sont install\u00e9s dans les laboratoires du Cyclotron du CEA Saclay, des d\u00e9r\u00e8glements spatio-temporels se produisent. De myst\u00e9rieux \u00e9l\u00e9ments apparaissent dans l\u2019installation, affectant tous les secteurs de recherche du CEA.<br \/><\/em><\/p>\n<p><em><strong>Galerie photo : <\/strong><\/em>Session du 15 Novembre -&gt; Yves, Suresh et R\u00e9gis <a href=\"https:\/\/www.flickr.com\/gp\/135330759@N04\/GuKP775fx2\" target=\"_blank\" rel=\"noopener\">PHOTOS<\/a><br \/>\u00a0\u00a0\u00a0\u00a0\u00a0\u00a0\u00a0\u00a0\u00a0\u00a0\u00a0\u00a0\u00a0\u00a0\u00a0\u00a0\u00a0\u00a0\u00a0\u00a0\u00a0\u00a0\u00a0\u00a0\u00a0\u00a0\u00a0 Dark Session du 21 Novembre -&gt; Suresh <a href=\"https:\/\/www.flickr.com\/gp\/135330759@N04\/3n711362Nk\" target=\"_blank\" rel=\"noopener\">PHOTOS<\/a><\/p>\n<p>\u00a0<\/p>\n<p><strong><a href=\"http:\/\/aaccea-photo.org\/WP3\/wp-content\/uploads\/2022\/10\/parcours.png\"><img loading=\"lazy\" decoding=\"async\" class=\"alignleft size-full wp-image-2893\" src=\"http:\/\/aaccea-photo.org\/WP3\/wp-content\/uploads\/2022\/10\/parcours.png\" alt=\"\" width=\"265\" height=\"188\" \/><\/a>Saclay, rue des grandes piles, \u00e0<\/strong><strong> partir du mois de novembre d<\/strong><strong>\u00e9couvrez un parcours historico-scientifique<\/strong><\/p>\n<p><em>Empruntez la route des grandes piles jusqu\u2019au r\u00e9acteur Orph\u00e9e et suivez les panneaux qui pr\u00e9sentent cinq des onze piles (r\u00e9acteurs) en fonctionnement \u00e0 Saclay de 1952 \u00e0 2019.<\/em><\/p>\n<p>\u00a0<\/p>\n<p>\u00a0<\/p>\n<p><strong><a href=\"http:\/\/aaccea-photo.org\/WP3\/wp-content\/uploads\/2022\/10\/conf.png\"><img loading=\"lazy\" decoding=\"async\" class=\"alignright size-full wp-image-2897\" src=\"http:\/\/aaccea-photo.org\/WP3\/wp-content\/uploads\/2022\/10\/conf.png\" alt=\"\" width=\"265\" height=\"188\" \/><\/a>Saclay r\u00e9v\u00e9l\u00e9 : au c\u0153ur des installations, du 28 novembre au 2 d\u00e9cembre, venez voir ce qui se cache dans les b\u00e2timents du CEA Saclay<\/strong><\/p>\n<p><em>Une s\u00e9rie de miniconf\u00e9rences vous permettra de d\u00e9couvrir qui se cache dans les b\u00e2timents devant lesquels vous passez sans jamais y entrer. On satisfera l\u2019app\u00e9tit des curieux et il y aura du caf\u00e9 pour tout le monde.<\/em><\/p>\n<p><em><strong>Galerie photo : Conf\u00e9rence du 28 et du 30 Novembre : -&gt; <\/strong><\/em>Xavier et R\u00e9gis <a href=\"https:\/\/www.flickr.com\/gp\/135330759@N04\/sdz05323A9\" target=\"_blank\" rel=\"noopener\">PHOTOS<\/a><\/p>\n<p>\u00a0<\/p>\n<p><strong><a href=\"http:\/\/aaccea-photo.org\/WP3\/wp-content\/uploads\/2022\/10\/EL3.png\"><img loading=\"lazy\" decoding=\"async\" class=\"alignleft size-full wp-image-2895\" src=\"http:\/\/aaccea-photo.org\/WP3\/wp-content\/uploads\/2022\/10\/EL3.png\" alt=\"\" width=\"265\" height=\"188\" \/><\/a>Pile en f\u00eate, l<\/strong><strong>e 15 d\u00e9cembre p<\/strong><strong>ile en f\u00eate \u00e9dition sp\u00e9ciale 70 ans<\/strong><\/p>\n<p><em>Pour clore ce programme, une Pile en f\u00eate sp\u00e9cial 70 ans \u00e0 EL3 avec mise en lumi\u00e8res, musique, animations, boissons chaudes, marrons&#8230; et surprises\u00a0!<\/em><\/p>\n<p><em><strong>Galerie photo : -&gt; <\/strong><\/em>Suresh <a href=\"https:\/\/www.flickr.com\/gp\/135330759@N04\/9740i5W94R\" target=\"_blank\" rel=\"noopener\">PHOTOS<\/a> <\/p>\n<p>\u00a0<\/p>\n","protected":false},"excerpt":{"rendered":"<p>1952-2022 : C\u00e9l\u00e9brons ensemble les 70 ans de notre Centre ! Un anniversaire est l\u2019occasion de nous retrouver, de nous rassembler autour d\u2019une histoire, de valeurs et de projets. Du 6 octobre au 15 d\u00e9cembre, cette c\u00e9l\u00e9bration prendra la forme d\u2019un \u00ab voyage \u00bb en 70 jours et 7 \u00e9tapes con\u00e7ues pour \u00eatre ludiques et&hellip;<\/p>\n","protected":false},"author":6,"featured_media":0,"comment_status":"open","ping_status":"open","sticky":false,"template":"","format":"standard","meta":{"footnotes":""},"categories":[9],"tags":[],"_links":{"self":[{"href":"https:\/\/aaccea-photo.org\/WP3\/wp-json\/wp\/v2\/posts\/2889"}],"collection":[{"href":"https:\/\/aaccea-photo.org\/WP3\/wp-json\/wp\/v2\/posts"}],"about":[{"href":"https:\/\/aaccea-photo.org\/WP3\/wp-json\/wp\/v2\/types\/post"}],"author":[{"embeddable":true,"href":"https:\/\/aaccea-photo.org\/WP3\/wp-json\/wp\/v2\/users\/6"}],"replies":[{"embeddable":true,"href":"https:\/\/aaccea-photo.org\/WP3\/wp-json\/wp\/v2\/comments?post=2889"}],"version-history":[{"count":17,"href":"https:\/\/aaccea-photo.org\/WP3\/wp-json\/wp\/v2\/posts\/2889\/revisions"}],"predecessor-version":[{"id":2965,"href":"https:\/\/aaccea-photo.org\/WP3\/wp-json\/wp\/v2\/posts\/2889\/revisions\/2965"}],"wp:attachment":[{"href":"https:\/\/aaccea-photo.org\/WP3\/wp-json\/wp\/v2\/media?parent=2889"}],"wp:term":[{"taxonomy":"category","embeddable":true,"href":"https:\/\/aaccea-photo.org\/WP3\/wp-json\/wp\/v2\/categories?post=2889"},{"taxonomy":"post_tag","embeddable":true,"href":"https:\/\/aaccea-photo.org\/WP3\/wp-json\/wp\/v2\/tags?post=2889"}],"curies":[{"name":"wp","href":"https:\/\/api.w.org\/{rel}","templated":true}]}}