{"id":290,"date":"2013-11-21T07:00:53","date_gmt":"2013-11-21T06:00:53","guid":{"rendered":"http:\/\/aaccea-photo.org\/WP3\/?p=290"},"modified":"2014-03-07T12:38:00","modified_gmt":"2014-03-07T11:38:00","slug":"renovation-restaurant-1","status":"publish","type":"post","link":"https:\/\/aaccea-photo.org\/WP3\/renovation-restaurant-1\/","title":{"rendered":"[Reportage en cours] R\u00e9novation restaurant 1"},"content":{"rendered":"<h2>Le reportage<\/h2>\n<p>La DCOM nous demande un reportage photographique sur la r\u00e9novation du restaurant 1 du centre.<br \/>\nL&rsquo;id\u00e9e est d&rsquo;avoir des photos d&rsquo;avant (mai-juin), pendant (juillet-aout&#8230;) et apr\u00e8s (d\u00e9pendra du retard&#8230;) les travaux de r\u00e9novation.<br \/>\nTous les photographes ayant une autorisation de prise de vue sur le centre peuvent participer \u00e0 ce projet, et il n&rsquo;est pas n\u00e9cessaire que chaque photographe couvre l&rsquo;ensemble des traveaux.<\/p>\n<h2>Contact<\/h2>\n<p>Contacter <a href=\"mailto:BRUN.Philippe@cea.fr?subject=R%C3%A9novation%20resto%201\">Philippe BRUN<\/a> si vous \u00eates si vous \u00eates int\u00e9ress\u00e9 par ce projet.<\/p>\n<h2>Les inscrits<\/h2>\n<ul>\n<li>Xavier<\/li>\n<li>Philippe<\/li>\n<li>R\u00e9gis<\/li>\n<li>Jean-Yves<\/li>\n<li>Annie<\/li>\n<li>Sigrid<\/li>\n<li>Thierry Boussuge<\/li>\n<\/ul>\n<h2>Les photos :<\/h2>\n<p><a href=\"http:\/\/www.aaccea-photo.org\/Galeries\/2012_10_R1\/index.html\" target=\"_blank\">Photos d&rsquo;Octobre 2012<\/a><br \/>\n<a href=\"http:\/\/www.aaccea-photo.org\/Galeries\/2013_04_R1\/index.html\" target=\"_blank\">Photos d&rsquo;avril 2013<\/a><br \/>\n<a href=\"http:\/\/www.aaccea-photo.org\/Galeries\/2013_10_R1\/index.html\" target=\"_blank\">Photos d&rsquo;octobre 2013<\/a><br \/>\n<a href=\"http:\/\/www.aaccea-photo.org\/Galeries\/2014_02_R1\/index.html\">Photos de f\u00e9vrier 2014<\/a><\/p>\n","protected":false},"excerpt":{"rendered":"<p>Le reportage La DCOM nous demande un reportage photographique sur la r\u00e9novation du restaurant 1 du centre. L&rsquo;id\u00e9e est d&rsquo;avoir des photos d&rsquo;avant (mai-juin), pendant (juillet-aout&#8230;) et apr\u00e8s (d\u00e9pendra du retard&#8230;) les travaux de r\u00e9novation. Tous les photographes ayant une autorisation de prise de vue sur le centre peuvent participer \u00e0 ce projet, et il&hellip;<\/p>\n","protected":false},"author":4,"featured_media":0,"comment_status":"closed","ping_status":"closed","sticky":false,"template":"","format":"standard","meta":{"footnotes":""},"categories":[9],"tags":[],"_links":{"self":[{"href":"https:\/\/aaccea-photo.org\/WP3\/wp-json\/wp\/v2\/posts\/290"}],"collection":[{"href":"https:\/\/aaccea-photo.org\/WP3\/wp-json\/wp\/v2\/posts"}],"about":[{"href":"https:\/\/aaccea-photo.org\/WP3\/wp-json\/wp\/v2\/types\/post"}],"author":[{"embeddable":true,"href":"https:\/\/aaccea-photo.org\/WP3\/wp-json\/wp\/v2\/users\/4"}],"replies":[{"embeddable":true,"href":"https:\/\/aaccea-photo.org\/WP3\/wp-json\/wp\/v2\/comments?post=290"}],"version-history":[{"count":27,"href":"https:\/\/aaccea-photo.org\/WP3\/wp-json\/wp\/v2\/posts\/290\/revisions"}],"predecessor-version":[{"id":1290,"href":"https:\/\/aaccea-photo.org\/WP3\/wp-json\/wp\/v2\/posts\/290\/revisions\/1290"}],"wp:attachment":[{"href":"https:\/\/aaccea-photo.org\/WP3\/wp-json\/wp\/v2\/media?parent=290"}],"wp:term":[{"taxonomy":"category","embeddable":true,"href":"https:\/\/aaccea-photo.org\/WP3\/wp-json\/wp\/v2\/categories?post=290"},{"taxonomy":"post_tag","embeddable":true,"href":"https:\/\/aaccea-photo.org\/WP3\/wp-json\/wp\/v2\/tags?post=290"}],"curies":[{"name":"wp","href":"https:\/\/api.w.org\/{rel}","templated":true}]}}