{"id":3014,"date":"2023-05-26T09:13:43","date_gmt":"2023-05-26T07:13:43","guid":{"rendered":"http:\/\/aaccea-photo.org\/WP3\/?p=3014"},"modified":"2023-06-08T11:47:43","modified_gmt":"2023-06-08T09:47:43","slug":"reportageas-golf-st-quentin","status":"publish","type":"post","link":"https:\/\/aaccea-photo.org\/WP3\/reportageas-golf-st-quentin\/","title":{"rendered":"[Reportage]AS-Golf St Quentin"},"content":{"rendered":"\n<h2 style=\"text-align: center;\"><strong>Comp\u00e9tition Inter-centre AS-Golf<\/strong><br \/><strong>Du Jeudi 18 Mai au Samedi 20 Mai sur le Golf National de St Quentin<\/strong><\/h2>\n<p><a href=\"http:\/\/aaccea-photo.org\/WP3\/wp-content\/uploads\/2022\/06\/images.png\"><img loading=\"lazy\" decoding=\"async\" class=\"aligncenter size-full wp-image-2818\" src=\"http:\/\/aaccea-photo.org\/WP3\/wp-content\/uploads\/2022\/06\/images.png\" alt=\"AS CEA\" width=\"284\" height=\"178\" \/><\/a><a href=\"http:\/\/aaccea-photo.org\/WP3\/wp-content\/uploads\/2023\/05\/AS-Golf-prix-48-scaled.jpg\"><img loading=\"lazy\" decoding=\"async\" class=\"aligncenter size-medium wp-image-3018\" src=\"http:\/\/aaccea-photo.org\/WP3\/wp-content\/uploads\/2023\/05\/AS-Golf-prix-48-300x199.jpg\" alt=\"\" width=\"300\" height=\"199\" srcset=\"https:\/\/aaccea-photo.org\/WP3\/wp-content\/uploads\/2023\/05\/AS-Golf-prix-48-300x199.jpg 300w, https:\/\/aaccea-photo.org\/WP3\/wp-content\/uploads\/2023\/05\/AS-Golf-prix-48-1024x680.jpg 1024w, https:\/\/aaccea-photo.org\/WP3\/wp-content\/uploads\/2023\/05\/AS-Golf-prix-48-768x510.jpg 768w, https:\/\/aaccea-photo.org\/WP3\/wp-content\/uploads\/2023\/05\/AS-Golf-prix-48-1536x1020.jpg 1536w, https:\/\/aaccea-photo.org\/WP3\/wp-content\/uploads\/2023\/05\/AS-Golf-prix-48-2048x1360.jpg 2048w\" sizes=\"(max-width: 300px) 100vw, 300px\" \/><\/a><\/p>\n<p>Photos de la comp\u00e9tition du vendredi, photographe Dominique :<\/p>\n<p><a href=\"https:\/\/www.flickr.com\/gp\/135330759@N04\/4KPx284336\" target=\"_blank\" rel=\"noopener\">Galerie photos du vendredi<\/a><\/p>\n<p>Photos de la comp\u00e9tition du samedi, photographes Julien et R\u00e9gis :<\/p>\n<p><a href=\"https:\/\/www.flickr.com\/gp\/135330759@N04\/i1xYjq4934\" target=\"_blank\" rel=\"noopener\">Galerie photos du Samedi<\/a><\/p>\n<p>Photos de la remise des prix du Samedi soir, photographe R\u00e9gis :<\/p>\n<p><a href=\"https:\/\/www.flickr.com\/gp\/135330759@N04\/1h93x06438\" target=\"_blank\" rel=\"noopener\">Galerie photos de la remise des prix<\/a><\/p>\n<p>Et voil\u00e0 le lien vers la vid\u00e9o r\u00e9alis\u00e9e par la section CVMD :<\/p>\n<p><a href=\"https:\/\/youtu.be\/aYqinTCeAMw\" target=\"_blank\" rel=\"noopener\">Vid\u00e9o des trois jours<\/a><\/p>\n<p><a href=\"http:\/\/aaccea-photo.org\/WP3\/wp-content\/uploads\/2023\/05\/Regis-71-scaled.jpg\"><img loading=\"lazy\" decoding=\"async\" class=\"aligncenter size-large wp-image-3019\" src=\"http:\/\/aaccea-photo.org\/WP3\/wp-content\/uploads\/2023\/05\/Regis-71-1024x680.jpg\" alt=\"\" width=\"1024\" height=\"680\" srcset=\"https:\/\/aaccea-photo.org\/WP3\/wp-content\/uploads\/2023\/05\/Regis-71-1024x680.jpg 1024w, https:\/\/aaccea-photo.org\/WP3\/wp-content\/uploads\/2023\/05\/Regis-71-300x199.jpg 300w, https:\/\/aaccea-photo.org\/WP3\/wp-content\/uploads\/2023\/05\/Regis-71-768x510.jpg 768w, https:\/\/aaccea-photo.org\/WP3\/wp-content\/uploads\/2023\/05\/Regis-71-1536x1020.jpg 1536w, https:\/\/aaccea-photo.org\/WP3\/wp-content\/uploads\/2023\/05\/Regis-71-2048x1360.jpg 2048w\" sizes=\"(max-width: 1024px) 100vw, 1024px\" \/><\/a><\/p>\n","protected":false},"excerpt":{"rendered":"<p>Comp\u00e9tition Inter-centre AS-GolfDu Jeudi 18 Mai au Samedi 20 Mai sur le Golf National de St Quentin Photos de la comp\u00e9tition du vendredi, photographe Dominique : Galerie photos du vendredi Photos de la comp\u00e9tition du samedi, photographes Julien et R\u00e9gis : Galerie photos du Samedi Photos de la remise des prix du Samedi soir, photographe&hellip;<\/p>\n","protected":false},"author":6,"featured_media":0,"comment_status":"open","ping_status":"open","sticky":false,"template":"","format":"standard","meta":{"footnotes":""},"categories":[9],"tags":[],"_links":{"self":[{"href":"https:\/\/aaccea-photo.org\/WP3\/wp-json\/wp\/v2\/posts\/3014"}],"collection":[{"href":"https:\/\/aaccea-photo.org\/WP3\/wp-json\/wp\/v2\/posts"}],"about":[{"href":"https:\/\/aaccea-photo.org\/WP3\/wp-json\/wp\/v2\/types\/post"}],"author":[{"embeddable":true,"href":"https:\/\/aaccea-photo.org\/WP3\/wp-json\/wp\/v2\/users\/6"}],"replies":[{"embeddable":true,"href":"https:\/\/aaccea-photo.org\/WP3\/wp-json\/wp\/v2\/comments?post=3014"}],"version-history":[{"count":5,"href":"https:\/\/aaccea-photo.org\/WP3\/wp-json\/wp\/v2\/posts\/3014\/revisions"}],"predecessor-version":[{"id":3026,"href":"https:\/\/aaccea-photo.org\/WP3\/wp-json\/wp\/v2\/posts\/3014\/revisions\/3026"}],"wp:attachment":[{"href":"https:\/\/aaccea-photo.org\/WP3\/wp-json\/wp\/v2\/media?parent=3014"}],"wp:term":[{"taxonomy":"category","embeddable":true,"href":"https:\/\/aaccea-photo.org\/WP3\/wp-json\/wp\/v2\/categories?post=3014"},{"taxonomy":"post_tag","embeddable":true,"href":"https:\/\/aaccea-photo.org\/WP3\/wp-json\/wp\/v2\/tags?post=3014"}],"curies":[{"name":"wp","href":"https:\/\/api.w.org\/{rel}","templated":true}]}}