{"id":3027,"date":"2023-06-09T08:51:48","date_gmt":"2023-06-09T06:51:48","guid":{"rendered":"http:\/\/aaccea-photo.org\/WP3\/?p=3027"},"modified":"2023-06-09T08:52:23","modified_gmt":"2023-06-09T06:52:23","slug":"reportage-cross-interlabos-2023","status":"publish","type":"post","link":"https:\/\/aaccea-photo.org\/WP3\/reportage-cross-interlabos-2023\/","title":{"rendered":"[Reportage] Cross Interlabos 2023"},"content":{"rendered":"\n<h2 style=\"text-align: center;\"><span style=\"text-decoration: underline;\">Cross Interlabos du 08 Juin 2023<br>au bois de la t\u00eate Ronde \u00e0 Villiers-le-B\u00e2cle.<\/span><\/h2>\n<p><a href=\"http:\/\/aaccea-photo.org\/WP3\/wp-content\/uploads\/2022\/06\/images.png\"><img loading=\"lazy\" decoding=\"async\" class=\"aligncenter size-full wp-image-2818\" src=\"http:\/\/aaccea-photo.org\/WP3\/wp-content\/uploads\/2022\/06\/images.png\" alt=\"AS CEA\" width=\"284\" height=\"178\"><\/a><a href=\"http:\/\/aaccea-photo.org\/WP3\/wp-content\/uploads\/2023\/06\/Cross-2023-scaled.jpg\"><img loading=\"lazy\" decoding=\"async\" class=\"aligncenter size-large wp-image-3028\" src=\"http:\/\/aaccea-photo.org\/WP3\/wp-content\/uploads\/2023\/06\/Cross-2023-1024x256.jpg\" alt=\"\" width=\"1024\" height=\"256\" srcset=\"https:\/\/aaccea-photo.org\/WP3\/wp-content\/uploads\/2023\/06\/Cross-2023-1024x256.jpg 1024w, https:\/\/aaccea-photo.org\/WP3\/wp-content\/uploads\/2023\/06\/Cross-2023-300x75.jpg 300w, https:\/\/aaccea-photo.org\/WP3\/wp-content\/uploads\/2023\/06\/Cross-2023-768x192.jpg 768w, https:\/\/aaccea-photo.org\/WP3\/wp-content\/uploads\/2023\/06\/Cross-2023-1536x384.jpg 1536w, https:\/\/aaccea-photo.org\/WP3\/wp-content\/uploads\/2023\/06\/Cross-2023-2048x511.jpg 2048w\" sizes=\"(max-width: 1024px) 100vw, 1024px\" \/><\/a><\/p>\n\n\n\n<h3>Galerie Photo du cross : <a href=\"https:\/\/www.flickr.com\/gp\/135330759@N04\/6a9u2SG8p4\" target=\"_blank\" rel=\"noopener\">ICI<\/a><br \/>Photographe R\u00e9gis<\/h3>\n","protected":false},"excerpt":{"rendered":"<p>Cross Interlabos du 08 Juin 2023au bois de la t\u00eate Ronde \u00e0 Villiers-le-B\u00e2cle. Galerie Photo du cross : ICIPhotographe R\u00e9gis<\/p>\n","protected":false},"author":6,"featured_media":0,"comment_status":"open","ping_status":"open","sticky":false,"template":"","format":"standard","meta":{"footnotes":""},"categories":[9],"tags":[],"_links":{"self":[{"href":"https:\/\/aaccea-photo.org\/WP3\/wp-json\/wp\/v2\/posts\/3027"}],"collection":[{"href":"https:\/\/aaccea-photo.org\/WP3\/wp-json\/wp\/v2\/posts"}],"about":[{"href":"https:\/\/aaccea-photo.org\/WP3\/wp-json\/wp\/v2\/types\/post"}],"author":[{"embeddable":true,"href":"https:\/\/aaccea-photo.org\/WP3\/wp-json\/wp\/v2\/users\/6"}],"replies":[{"embeddable":true,"href":"https:\/\/aaccea-photo.org\/WP3\/wp-json\/wp\/v2\/comments?post=3027"}],"version-history":[{"count":2,"href":"https:\/\/aaccea-photo.org\/WP3\/wp-json\/wp\/v2\/posts\/3027\/revisions"}],"predecessor-version":[{"id":3030,"href":"https:\/\/aaccea-photo.org\/WP3\/wp-json\/wp\/v2\/posts\/3027\/revisions\/3030"}],"wp:attachment":[{"href":"https:\/\/aaccea-photo.org\/WP3\/wp-json\/wp\/v2\/media?parent=3027"}],"wp:term":[{"taxonomy":"category","embeddable":true,"href":"https:\/\/aaccea-photo.org\/WP3\/wp-json\/wp\/v2\/categories?post=3027"},{"taxonomy":"post_tag","embeddable":true,"href":"https:\/\/aaccea-photo.org\/WP3\/wp-json\/wp\/v2\/tags?post=3027"}],"curies":[{"name":"wp","href":"https:\/\/api.w.org\/{rel}","templated":true}]}}