{"id":3253,"date":"2023-09-06T10:57:10","date_gmt":"2023-09-06T08:57:10","guid":{"rendered":"http:\/\/aaccea-photo.org\/WP3\/?p=3253"},"modified":"2023-11-08T11:00:14","modified_gmt":"2023-11-08T10:00:14","slug":"sortiefestival-photo-animaliere-a-montier-en-der","status":"publish","type":"post","link":"https:\/\/aaccea-photo.org\/WP3\/sortiefestival-photo-animaliere-a-montier-en-der\/","title":{"rendered":"[Sortie]Festival photo animali\u00e8re \u00e0 Montier en Der"},"content":{"rendered":"\n<h2 class=\"wp-block-heading has-text-align-center\">Cette ann\u00e9e encore la section photo organise une sortie de deux jours au Festival de photo animali\u00e8re \u00e0 Montier en Der.<\/h2>\n\n\n<div class=\"wp-block-image\">\n<figure class=\"aligncenter size-full\"><a href=\"http:\/\/aaccea-photo.org\/WP3\/wp-content\/uploads\/2023\/09\/Affiche-Montier-2023.jpg\"><img loading=\"lazy\" decoding=\"async\" width=\"768\" height=\"1024\" src=\"http:\/\/aaccea-photo.org\/WP3\/wp-content\/uploads\/2023\/09\/Affiche-Montier-2023.jpg\" alt=\"\" class=\"wp-image-3254\" srcset=\"https:\/\/aaccea-photo.org\/WP3\/wp-content\/uploads\/2023\/09\/Affiche-Montier-2023.jpg 768w, https:\/\/aaccea-photo.org\/WP3\/wp-content\/uploads\/2023\/09\/Affiche-Montier-2023-225x300.jpg 225w\" sizes=\"(max-width: 768px) 100vw, 768px\" \/><\/a><\/figure><\/div>\n\n\n<p><\/p>\n\n\n\n<p>Cette ann\u00e9e elle se d\u00e9roulera le samedi 18 et le dimanche 19 novembre.<\/p>\n\n\n\n<p>-&gt; <em><strong>D\u00e9part<\/strong> <\/em>le samedi 18 novembre matin en covoiturage<br>&lt;- <em><strong>Retour<\/strong><\/em> le dimanche 19 novembre dans l\u2019apr\u00e8s-midi.<\/p>\n\n\n\n<p>Le trajet se fait en covoiturage au d\u00e9part des environs de Saclay, et une nuit d\u2019h\u00f4tel est pr\u00e9vue avec le repas le samedi soir.<br>Cette sortie est tr\u00e8s agr\u00e9able et nombreux sont ceux qui reviennent chaque ann\u00e9e pour le plaisir de la convivialit\u00e9 autour de notre passion.<br>Par ailleurs, nul besoin d&rsquo;\u00eatre photographe animalier pour appr\u00e9cier la qualit\u00e9 exceptionnelle des photos expos\u00e9es.<\/p>\n\n\n\n<h2 class=\"wp-block-heading has-text-align-center\">Le festival<\/h2>\n\n\n<div class=\"wp-block-image\">\n<figure class=\"aligncenter size-full\"><a href=\"http:\/\/aaccea-photo.org\/WP3\/wp-content\/uploads\/2023\/09\/logo-Montier.png\"><img loading=\"lazy\" decoding=\"async\" width=\"284\" height=\"126\" src=\"http:\/\/aaccea-photo.org\/WP3\/wp-content\/uploads\/2023\/09\/logo-Montier.png\" alt=\"\" class=\"wp-image-3255\"\/><\/a><\/figure><\/div>\n\n\n<p class=\"has-text-align-center\">Pour plus d\u2019information :&nbsp;<a rel=\"noreferrer noopener\" href=\"https:\/\/www.photo-montier.org\/\" target=\"_blank\">https:\/\/www.photo-montier.org\/<\/a><\/p>\n\n\n\n<h3 class=\"wp-block-heading has-text-align-center\"><strong><em>Les inscrits :<\/em><\/strong><br><mark style=\"background-color:rgba(0, 0, 0, 0)\" class=\"has-inline-color has-vivid-red-color\">Les inscriptions sont close pour cette sortie.<\/mark><br>En cas de besoin contacter par mail <a rel=\"noreferrer noopener\" href=\"mailto:\/BRUN.Philippe@cea.fr\" target=\"_blank\">Philippe<\/a><\/h3>\n\n\n\n<ul>\n<li>Philippe<\/li>\n\n\n\n<li>Sigrid<\/li>\n\n\n\n<li>Aurore<\/li>\n\n\n\n<li>Suresh<\/li>\n\n\n\n<li>Sylvain<\/li>\n\n\n\n<li>Xavier<\/li>\n\n\n\n<li>Thierry<\/li>\n\n\n\n<li>Annie<\/li>\n\n\n\n<li>Julien<\/li>\n<\/ul>\n\n\n\n<p>Merci \u00e0 Philippe Brun de s&rsquo;occuper encore cette ann\u00e9e de l&rsquo;organisation de la sortie(r\u00e9servation d\u2019h\u00f4tel et de restaurant).<\/p>\n","protected":false},"excerpt":{"rendered":"<p>Cette ann\u00e9e encore la section photo organise une sortie de deux jours au Festival de photo animali\u00e8re \u00e0 Montier en Der. Cette ann\u00e9e elle se d\u00e9roulera le samedi 18 et le dimanche 19 novembre. -&gt; D\u00e9part le samedi 18 novembre matin en covoiturage&lt;- Retour le dimanche 19 novembre dans l\u2019apr\u00e8s-midi. Le trajet se fait en&hellip;<\/p>\n","protected":false},"author":6,"featured_media":0,"comment_status":"open","ping_status":"open","sticky":false,"template":"","format":"standard","meta":{"footnotes":""},"categories":[11],"tags":[],"_links":{"self":[{"href":"https:\/\/aaccea-photo.org\/WP3\/wp-json\/wp\/v2\/posts\/3253"}],"collection":[{"href":"https:\/\/aaccea-photo.org\/WP3\/wp-json\/wp\/v2\/posts"}],"about":[{"href":"https:\/\/aaccea-photo.org\/WP3\/wp-json\/wp\/v2\/types\/post"}],"author":[{"embeddable":true,"href":"https:\/\/aaccea-photo.org\/WP3\/wp-json\/wp\/v2\/users\/6"}],"replies":[{"embeddable":true,"href":"https:\/\/aaccea-photo.org\/WP3\/wp-json\/wp\/v2\/comments?post=3253"}],"version-history":[{"count":3,"href":"https:\/\/aaccea-photo.org\/WP3\/wp-json\/wp\/v2\/posts\/3253\/revisions"}],"predecessor-version":[{"id":3305,"href":"https:\/\/aaccea-photo.org\/WP3\/wp-json\/wp\/v2\/posts\/3253\/revisions\/3305"}],"wp:attachment":[{"href":"https:\/\/aaccea-photo.org\/WP3\/wp-json\/wp\/v2\/media?parent=3253"}],"wp:term":[{"taxonomy":"category","embeddable":true,"href":"https:\/\/aaccea-photo.org\/WP3\/wp-json\/wp\/v2\/categories?post=3253"},{"taxonomy":"post_tag","embeddable":true,"href":"https:\/\/aaccea-photo.org\/WP3\/wp-json\/wp\/v2\/tags?post=3253"}],"curies":[{"name":"wp","href":"https:\/\/api.w.org\/{rel}","templated":true}]}}