{"id":3261,"date":"2023-08-31T14:33:26","date_gmt":"2023-08-31T12:33:26","guid":{"rendered":"http:\/\/aaccea-photo.org\/WP3\/?p=3261"},"modified":"2023-09-07T14:35:41","modified_gmt":"2023-09-07T12:35:41","slug":"aaccea-musique-saison-2022-2023","status":"publish","type":"post","link":"https:\/\/aaccea-photo.org\/WP3\/aaccea-musique-saison-2022-2023\/","title":{"rendered":"AACCEA-Musique Saison 2022-2023"},"content":{"rendered":"\n<h1 style=\"text-align: center;\"><em><strong>Reportage photo des concerts<br \/>section AAC CEA Musique<\/strong><\/em><br \/><em><strong>Saison 2022-2023<\/strong><\/em><\/h1>\n<p><a href=\"http:\/\/aaccea-photo.org\/WP3\/wp-content\/uploads\/2019\/02\/39107070670_c82efc47a7_z.jpg\"><img loading=\"lazy\" decoding=\"async\" class=\"aligncenter size-medium wp-image-2470\" src=\"http:\/\/aaccea-photo.org\/WP3\/wp-content\/uploads\/2019\/02\/39107070670_c82efc47a7_z-300x199.jpg\" alt=\"\" width=\"300\" height=\"199\" srcset=\"https:\/\/aaccea-photo.org\/WP3\/wp-content\/uploads\/2019\/02\/39107070670_c82efc47a7_z-300x199.jpg 300w, https:\/\/aaccea-photo.org\/WP3\/wp-content\/uploads\/2019\/02\/39107070670_c82efc47a7_z.jpg 640w\" sizes=\"(max-width: 300px) 100vw, 300px\" \/><\/a><\/p>\n<h2><em><strong>=&gt; Galerie photo des concerts 2022-2023 :<\/strong><\/em><\/h2>\n<ul>\n<li><strong>Le 20 Juillet, Best Western Saulx-les-Chartreux avec les <\/strong><strong>groupes Sihy\u00e8 et CatArno.<\/strong><br \/><strong>Photos :<\/strong> <a href=\"https:\/\/www.flickr.com\/gp\/135330759@N04\/8s8168666F\" target=\"_blank\" rel=\"noopener\">Seb et Yves<\/a><\/li>\n<li><strong>Le 21 Juin, esplanade devant Brass &amp; Co f\u00eate de la musique avec les <\/strong><strong>groupes Sharvanee, Blister Feat Band, Sihy\u00e8, Tendre Mixeur, Foreskin et Napalm Muted.<\/strong><br \/><strong>Photos :<\/strong> <a href=\"https:\/\/www.flickr.com\/gp\/135330759@N04\/1ePUL3C32S\">Seb et R\u00e9gis<\/a><\/li>\n<li><strong>Le 23 Mars, Best Western Saulx-les-Chartreux avec le groupe Sihy\u00e8<\/strong><br \/><strong>Photos :<\/strong> <a href=\"https:\/\/www.flickr.com\/gp\/135330759@N04\/45X5p0a18R\" target=\"_blank\" rel=\"noopener\">Seb et R\u00e9gis<\/a><\/li>\n<li><strong>Le 17 Mars,<\/strong><strong> St Patrick au Brass&amp;Co de Gif sur Yvette avec le groupe Sihy\u00e8<em><br \/><\/em>Photos :<\/strong> <a href=\"https:\/\/www.flickr.com\/gp\/135330759@N04\/2w7n2aVZEr\" target=\"_blank\" rel=\"noopener\">Seb et R\u00e9gis<\/a><\/li>\n<li><strong>Le 16 Mars,<\/strong> <strong>Best Western Saulx-les-Chartreux avec le groupe Syhi\u00e8<br \/>Photos : <\/strong><a href=\"https:\/\/www.flickr.com\/gp\/135330759@N04\/1z3i784hYa\" target=\"_blank\" rel=\"noopener\">Yves et R\u00e9gis<\/a><\/li>\n<li><strong>Le 04 F\u00e9vrier,<\/strong> <strong>Deer&rsquo;N&rsquo;Beer de Massy avec le groupe Brunk<br \/>Photos : <\/strong><a href=\"https:\/\/www.flickr.com\/gp\/135330759@N04\/272u71k37H\" target=\"_blank\" rel=\"noopener\">R\u00e9gis<\/a><\/li>\n<li><strong>Le 08 D\u00e9cembre,<\/strong> <strong>Brass&amp;Co Gif sur Yvette avec le groupe Na-Palm Muted et Foreskin<br \/>Photos : <\/strong><a href=\"https:\/\/www.flickr.com\/gp\/135330759@N04\/rY3U32t6EL\" target=\"_blank\" rel=\"noopener\">Yves et R\u00e9gis<\/a><\/li>\n<li><strong>Le 24 Novembre,<\/strong> <strong>Best Western Saulx-les-Chartreux avec le groupe Syhi\u00e8<br \/>Photos : <\/strong><a href=\"https:\/\/www.flickr.com\/gp\/135330759@N04\/vNQ2833176\" target=\"_blank\" rel=\"noopener\">Yves et R\u00e9gis<\/a><strong><br \/><\/strong><\/li>\n<li><strong>Le 17 Novembre, Novotel Paris Saclay avec le groupe Syhi\u00e8<\/strong><br \/><strong>Photos :<\/strong> <a href=\"https:\/\/www.flickr.com\/gp\/135330759@N04\/w20U089s55\" target=\"_blank\" rel=\"noopener\">Yves, S\u00e9bastien et R\u00e9gis<\/a><\/li>\n<li><strong>Le 13 Novembre, Novotel Paris-Saclay avec le groupe Syhi\u00e8<\/strong><br \/><strong>Photos :<\/strong> <a href=\"https:\/\/www.flickr.com\/gp\/135330759@N04\/4645r1f8Mk\" target=\"_blank\" rel=\"noopener\">Xavier et S\u00e9bastien<\/a><\/li>\n<li><strong>Les 13-14-15 Septembre, forum AAC avec le groupe Syhi\u00e8<\/strong><br \/><strong>Photos :<\/strong> <a href=\"https:\/\/www.flickr.com\/gp\/135330759@N04\/Wocwa29103\" target=\"_blank\" rel=\"noopener\">S\u00e9bastien et R\u00e9gis<\/a><\/li>\n<\/ul>\n","protected":false},"excerpt":{"rendered":"<p>Reportage photo des concertssection AAC CEA MusiqueSaison 2022-2023 =&gt; Galerie photo des concerts 2022-2023 : Le 20 Juillet, Best Western Saulx-les-Chartreux avec les groupes Sihy\u00e8 et CatArno.Photos : Seb et Yves Le 21 Juin, esplanade devant Brass &amp; Co f\u00eate de la musique avec les groupes Sharvanee, Blister Feat Band, Sihy\u00e8, Tendre Mixeur, Foreskin et&hellip;<\/p>\n","protected":false},"author":6,"featured_media":0,"comment_status":"open","ping_status":"open","sticky":false,"template":"","format":"standard","meta":{"footnotes":""},"categories":[9],"tags":[],"_links":{"self":[{"href":"https:\/\/aaccea-photo.org\/WP3\/wp-json\/wp\/v2\/posts\/3261"}],"collection":[{"href":"https:\/\/aaccea-photo.org\/WP3\/wp-json\/wp\/v2\/posts"}],"about":[{"href":"https:\/\/aaccea-photo.org\/WP3\/wp-json\/wp\/v2\/types\/post"}],"author":[{"embeddable":true,"href":"https:\/\/aaccea-photo.org\/WP3\/wp-json\/wp\/v2\/users\/6"}],"replies":[{"embeddable":true,"href":"https:\/\/aaccea-photo.org\/WP3\/wp-json\/wp\/v2\/comments?post=3261"}],"version-history":[{"count":1,"href":"https:\/\/aaccea-photo.org\/WP3\/wp-json\/wp\/v2\/posts\/3261\/revisions"}],"predecessor-version":[{"id":3262,"href":"https:\/\/aaccea-photo.org\/WP3\/wp-json\/wp\/v2\/posts\/3261\/revisions\/3262"}],"wp:attachment":[{"href":"https:\/\/aaccea-photo.org\/WP3\/wp-json\/wp\/v2\/media?parent=3261"}],"wp:term":[{"taxonomy":"category","embeddable":true,"href":"https:\/\/aaccea-photo.org\/WP3\/wp-json\/wp\/v2\/categories?post=3261"},{"taxonomy":"post_tag","embeddable":true,"href":"https:\/\/aaccea-photo.org\/WP3\/wp-json\/wp\/v2\/tags?post=3261"}],"curies":[{"name":"wp","href":"https:\/\/api.w.org\/{rel}","templated":true}]}}