{"id":3300,"date":"2023-10-13T10:09:50","date_gmt":"2023-10-13T08:09:50","guid":{"rendered":"http:\/\/aaccea-photo.org\/WP3\/?p=3300"},"modified":"2023-11-08T11:38:51","modified_gmt":"2023-11-08T10:38:51","slug":"sortieinitiation-photo-saint-remy-les-chevreuse","status":"publish","type":"post","link":"https:\/\/aaccea-photo.org\/WP3\/sortieinitiation-photo-saint-remy-les-chevreuse\/","title":{"rendered":"[SORTIE]Initiation photo Saint R\u00e9my Les Chevreuse"},"content":{"rendered":"\n<h2 style=\"text-align: center;\"><strong>Sortie photo d\u2019initiation \u00e0 la photographie.<\/strong><\/h2>\n<h2 style=\"text-align: center;\"><span style=\"color: #ff0000;\"><strong><em>Bient\u00f4t la galerie photos de la sortie<\/em><\/strong><\/span><\/h2>\n<p>Une sortie d&rsquo;<strong>initiation \u00e0 la photographie est organis\u00e9e le samedi 14 Octobre \u00e0 Saint R\u00e9my les Chevreuses<\/strong>. L&rsquo;objectif de la journe\u0301e, que vous soyez avec un te\u0301le\u0301phone portable ou un apn, est de vous donner les bases et de re\u0301pondre a\u0300 vos questions sur la mise en image et la composition d\u2019une image avec vos moyens.<\/p>\n<p><span style=\"text-decoration: underline;\"><em>Programme de la sortie :<\/em> <\/span><\/p>\n<p>&#8211; 9h-9h30 : rendez vous \u00e0 la gare RER de Saint-R\u00e9my les Chevreuse, avec votre mat\u00e9riel (pour information, il est possible d\u2019emprunter gratuitement du mat\u00e9riel \u00e0 la section pour la sortie).<br \/>&#8211; Courte pr\u00e9sentation sur la composition d&rsquo;images et tour de table des participants autour d&rsquo;un caf\u00e9 (pay\u00e9 par la section photo) on pourra si besoin d\u00e9finir des groupes suivant les attentes de chacun.<br \/>&#8211; D\u00e9ambulation dans Saint-R\u00e9my et alentour des diff\u00e9rents groupes, puis on se retrouve vers 12h30 pour d\u00e9jeuner ensemble, et partager nos photos (pic nique \u00e0 pr\u00e9voir, en cas de pluie on ira s&rsquo;abriter dans un bar)<br \/>&#8211;\u00a0D\u00e9ambulation dans Saint-R\u00e9my et alentour pour mettre en pratique les diff\u00e9rentes remarques du midi, on pourra aussi travailler sur des th\u00e8mes impos\u00e9s comme architecture, macrophotographie, paysage etc &#8230;<br \/>&#8211; On se retrouve \u00e0 nouveau vers 15h30-16h pour partager nos photos pourquoi pas autour d&rsquo;une verre.<br \/>&#8211; Fin de la sortie vers 17h (il sera possible de partir avant pour ceux qui le souhaitent car nous resterons proche de la gare de Saint-R\u00e9my).<br \/>&#8211; Prolongation possible pour la lumi\u00e8re de fin de journ\u00e9e pour les plus motiv\u00e9s.<\/p>\n<p><em><strong>Participants :<\/strong><\/em><br \/>Xavier<br \/>S\u00e9bastien<br \/>Marie-Laure<br \/>Marl\u00e8ne<br \/>Mogane<\/p>\n<p>\u00a0<\/p>\n","protected":false},"excerpt":{"rendered":"<p>Sortie photo d\u2019initiation \u00e0 la photographie. Bient\u00f4t la galerie photos de la sortie Une sortie d&rsquo;initiation \u00e0 la photographie est organis\u00e9e le samedi 14 Octobre \u00e0 Saint R\u00e9my les Chevreuses. L&rsquo;objectif de la journe\u0301e, que vous soyez avec un te\u0301le\u0301phone portable ou un apn, est de vous donner les bases et de re\u0301pondre a\u0300 vos&hellip;<\/p>\n","protected":false},"author":6,"featured_media":0,"comment_status":"open","ping_status":"open","sticky":false,"template":"","format":"standard","meta":{"footnotes":""},"categories":[11],"tags":[],"_links":{"self":[{"href":"https:\/\/aaccea-photo.org\/WP3\/wp-json\/wp\/v2\/posts\/3300"}],"collection":[{"href":"https:\/\/aaccea-photo.org\/WP3\/wp-json\/wp\/v2\/posts"}],"about":[{"href":"https:\/\/aaccea-photo.org\/WP3\/wp-json\/wp\/v2\/types\/post"}],"author":[{"embeddable":true,"href":"https:\/\/aaccea-photo.org\/WP3\/wp-json\/wp\/v2\/users\/6"}],"replies":[{"embeddable":true,"href":"https:\/\/aaccea-photo.org\/WP3\/wp-json\/wp\/v2\/comments?post=3300"}],"version-history":[{"count":3,"href":"https:\/\/aaccea-photo.org\/WP3\/wp-json\/wp\/v2\/posts\/3300\/revisions"}],"predecessor-version":[{"id":3308,"href":"https:\/\/aaccea-photo.org\/WP3\/wp-json\/wp\/v2\/posts\/3300\/revisions\/3308"}],"wp:attachment":[{"href":"https:\/\/aaccea-photo.org\/WP3\/wp-json\/wp\/v2\/media?parent=3300"}],"wp:term":[{"taxonomy":"category","embeddable":true,"href":"https:\/\/aaccea-photo.org\/WP3\/wp-json\/wp\/v2\/categories?post=3300"},{"taxonomy":"post_tag","embeddable":true,"href":"https:\/\/aaccea-photo.org\/WP3\/wp-json\/wp\/v2\/tags?post=3300"}],"curies":[{"name":"wp","href":"https:\/\/api.w.org\/{rel}","templated":true}]}}